{"id":1269,"date":"2022-10-04T18:24:33","date_gmt":"2022-10-04T18:24:33","guid":{"rendered":"https:\/\/dtk-dortmund.de\/?p=1269"},"modified":"2022-10-05T08:07:50","modified_gmt":"2022-10-05T08:07:50","slug":"wandertag-am-3-oktober-2022","status":"publish","type":"post","link":"https:\/\/dtk-dortmund.de\/index.php\/2022\/10\/04\/wandertag-am-3-oktober-2022\/","title":{"rendered":"Wandertag am 3. Oktober 2022"},"content":{"rendered":"\n<p>Traditioneller Wandertag im Oktober <\/p>\n\n\n\n<p>Bei sch\u00f6nstem Herbstwetter spazierten etliche unserer Vierbeiner fr\u00f6hlich mit ihren Leuten durch die nachbarschaftliche Umgebung des Vereinsgel\u00e4ndes. Nach einem stattlichen Marsch kehrten alle am Teckegel\u00e4nde ein. Dort wartete schon frisch aus dem Backofen Leberk\u00e4se im Br\u00f6tchen auf alle Wanderer. Wer wollte, konnte sich auch an Kaffee und Kuchen erfreuen. Was f\u00fcr ein sch\u00f6ner Tag!<\/p>\n\n\n\n<figure class=\"wp-block-gallery has-nested-images columns-4 is-cropped wp-block-gallery-1 is-layout-flex wp-block-gallery-is-layout-flex\">\n<figure class=\"wp-block-image size-large\"><a href=\"https:\/\/dtk-dortmund.de\/wp-content\/uploads\/2022\/10\/DTA_1764.jpg\"><img loading=\"lazy\" decoding=\"async\" width=\"2000\" height=\"1125\" data-id=\"1249\" src=\"https:\/\/dtk-dortmund.de\/wp-content\/uploads\/2022\/10\/DTA_1764.jpg\" alt=\"\" class=\"wp-image-1249\" srcset=\"https:\/\/dtk-dortmund.de\/wp-content\/uploads\/2022\/10\/DTA_1764.jpg 2000w, https:\/\/dtk-dortmund.de\/wp-content\/uploads\/2022\/10\/DTA_1764-300x169.jpg 300w, https:\/\/dtk-dortmund.de\/wp-content\/uploads\/2022\/10\/DTA_1764-1024x576.jpg 1024w, https:\/\/dtk-dortmund.de\/wp-content\/uploads\/2022\/10\/DTA_1764-768x432.jpg 768w, https:\/\/dtk-dortmund.de\/wp-content\/uploads\/2022\/10\/DTA_1764-1536x864.jpg 1536w, https:\/\/dtk-dortmund.de\/wp-content\/uploads\/2022\/10\/DTA_1764-1110x624.jpg 1110w, https:\/\/dtk-dortmund.de\/wp-content\/uploads\/2022\/10\/DTA_1764-528x297.jpg 528w\" sizes=\"auto, (max-width: 2000px) 100vw, 2000px\" \/><\/a><\/figure>\n\n\n\n<figure class=\"wp-block-image size-large\"><a href=\"https:\/\/dtk-dortmund.de\/wp-content\/uploads\/2022\/10\/d757db07-3e30-4aaf-9824-0b316cfb668c.jpg\"><img loading=\"lazy\" decoding=\"async\" width=\"1512\" height=\"2016\" data-id=\"1262\" src=\"https:\/\/dtk-dortmund.de\/wp-content\/uploads\/2022\/10\/d757db07-3e30-4aaf-9824-0b316cfb668c.jpg\" alt=\"\" class=\"wp-image-1262\" srcset=\"https:\/\/dtk-dortmund.de\/wp-content\/uploads\/2022\/10\/d757db07-3e30-4aaf-9824-0b316cfb668c.jpg 1512w, https:\/\/dtk-dortmund.de\/wp-content\/uploads\/2022\/10\/d757db07-3e30-4aaf-9824-0b316cfb668c-225x300.jpg 225w, https:\/\/dtk-dortmund.de\/wp-content\/uploads\/2022\/10\/d757db07-3e30-4aaf-9824-0b316cfb668c-768x1024.jpg 768w, https:\/\/dtk-dortmund.de\/wp-content\/uploads\/2022\/10\/d757db07-3e30-4aaf-9824-0b316cfb668c-1152x1536.jpg 1152w\" sizes=\"auto, (max-width: 1512px) 100vw, 1512px\" \/><\/a><\/figure>\n\n\n\n<figure class=\"wp-block-image size-large\"><a href=\"https:\/\/dtk-dortmund.de\/wp-content\/uploads\/2022\/10\/9f80ee77-afee-4072-a4df-f0de57072875.jpg\"><img loading=\"lazy\" decoding=\"async\" width=\"1512\" height=\"2016\" data-id=\"1253\" src=\"https:\/\/dtk-dortmund.de\/wp-content\/uploads\/2022\/10\/9f80ee77-afee-4072-a4df-f0de57072875.jpg\" alt=\"\" class=\"wp-image-1253\" srcset=\"https:\/\/dtk-dortmund.de\/wp-content\/uploads\/2022\/10\/9f80ee77-afee-4072-a4df-f0de57072875.jpg 1512w, https:\/\/dtk-dortmund.de\/wp-content\/uploads\/2022\/10\/9f80ee77-afee-4072-a4df-f0de57072875-225x300.jpg 225w, https:\/\/dtk-dortmund.de\/wp-content\/uploads\/2022\/10\/9f80ee77-afee-4072-a4df-f0de57072875-768x1024.jpg 768w, https:\/\/dtk-dortmund.de\/wp-content\/uploads\/2022\/10\/9f80ee77-afee-4072-a4df-f0de57072875-1152x1536.jpg 1152w\" sizes=\"auto, (max-width: 1512px) 100vw, 1512px\" \/><\/a><\/figure>\n\n\n\n<figure class=\"wp-block-image size-large\"><a href=\"https:\/\/dtk-dortmund.de\/wp-content\/uploads\/2022\/10\/6375c05a-fcf7-459b-8ef2-68c2585263d3.jpg\"><img loading=\"lazy\" decoding=\"async\" width=\"1512\" height=\"2016\" data-id=\"1257\" src=\"https:\/\/dtk-dortmund.de\/wp-content\/uploads\/2022\/10\/6375c05a-fcf7-459b-8ef2-68c2585263d3.jpg\" alt=\"\" class=\"wp-image-1257\" srcset=\"https:\/\/dtk-dortmund.de\/wp-content\/uploads\/2022\/10\/6375c05a-fcf7-459b-8ef2-68c2585263d3.jpg 1512w, https:\/\/dtk-dortmund.de\/wp-content\/uploads\/2022\/10\/6375c05a-fcf7-459b-8ef2-68c2585263d3-225x300.jpg 225w, https:\/\/dtk-dortmund.de\/wp-content\/uploads\/2022\/10\/6375c05a-fcf7-459b-8ef2-68c2585263d3-768x1024.jpg 768w, https:\/\/dtk-dortmund.de\/wp-content\/uploads\/2022\/10\/6375c05a-fcf7-459b-8ef2-68c2585263d3-1152x1536.jpg 1152w\" sizes=\"auto, (max-width: 1512px) 100vw, 1512px\" \/><\/a><\/figure>\n\n\n\n<figure class=\"wp-block-image size-large\"><a href=\"https:\/\/dtk-dortmund.de\/wp-content\/uploads\/2022\/10\/06995516-82d7-4d57-9fbd-c2d53f06534e.jpg\"><img loading=\"lazy\" decoding=\"async\" width=\"1296\" height=\"864\" data-id=\"1267\" src=\"https:\/\/dtk-dortmund.de\/wp-content\/uploads\/2022\/10\/06995516-82d7-4d57-9fbd-c2d53f06534e.jpg\" alt=\"\" class=\"wp-image-1267\" srcset=\"https:\/\/dtk-dortmund.de\/wp-content\/uploads\/2022\/10\/06995516-82d7-4d57-9fbd-c2d53f06534e.jpg 1296w, https:\/\/dtk-dortmund.de\/wp-content\/uploads\/2022\/10\/06995516-82d7-4d57-9fbd-c2d53f06534e-300x200.jpg 300w, https:\/\/dtk-dortmund.de\/wp-content\/uploads\/2022\/10\/06995516-82d7-4d57-9fbd-c2d53f06534e-1024x683.jpg 1024w, https:\/\/dtk-dortmund.de\/wp-content\/uploads\/2022\/10\/06995516-82d7-4d57-9fbd-c2d53f06534e-768x512.jpg 768w\" sizes=\"auto, (max-width: 1296px) 100vw, 1296px\" \/><\/a><\/figure>\n\n\n\n<figure class=\"wp-block-image size-large\"><a href=\"https:\/\/dtk-dortmund.de\/wp-content\/uploads\/2022\/10\/457bcf0e-5d3a-4194-b1ab-cef67f40c990.jpg\"><img loading=\"lazy\" decoding=\"async\" width=\"864\" height=\"1296\" data-id=\"1268\" src=\"https:\/\/dtk-dortmund.de\/wp-content\/uploads\/2022\/10\/457bcf0e-5d3a-4194-b1ab-cef67f40c990.jpg\" alt=\"\" class=\"wp-image-1268\" srcset=\"https:\/\/dtk-dortmund.de\/wp-content\/uploads\/2022\/10\/457bcf0e-5d3a-4194-b1ab-cef67f40c990.jpg 864w, https:\/\/dtk-dortmund.de\/wp-content\/uploads\/2022\/10\/457bcf0e-5d3a-4194-b1ab-cef67f40c990-200x300.jpg 200w, https:\/\/dtk-dortmund.de\/wp-content\/uploads\/2022\/10\/457bcf0e-5d3a-4194-b1ab-cef67f40c990-683x1024.jpg 683w, https:\/\/dtk-dortmund.de\/wp-content\/uploads\/2022\/10\/457bcf0e-5d3a-4194-b1ab-cef67f40c990-768x1152.jpg 768w\" sizes=\"auto, (max-width: 864px) 100vw, 864px\" \/><\/a><\/figure>\n\n\n\n<figure class=\"wp-block-image size-large\"><a href=\"https:\/\/dtk-dortmund.de\/wp-content\/uploads\/2022\/10\/e96bd1c7-e960-4335-acd0-47fbec210e8c.jpg\"><img loading=\"lazy\" decoding=\"async\" width=\"1296\" height=\"864\" data-id=\"1266\" src=\"https:\/\/dtk-dortmund.de\/wp-content\/uploads\/2022\/10\/e96bd1c7-e960-4335-acd0-47fbec210e8c.jpg\" alt=\"\" class=\"wp-image-1266\" srcset=\"https:\/\/dtk-dortmund.de\/wp-content\/uploads\/2022\/10\/e96bd1c7-e960-4335-acd0-47fbec210e8c.jpg 1296w, https:\/\/dtk-dortmund.de\/wp-content\/uploads\/2022\/10\/e96bd1c7-e960-4335-acd0-47fbec210e8c-300x200.jpg 300w, https:\/\/dtk-dortmund.de\/wp-content\/uploads\/2022\/10\/e96bd1c7-e960-4335-acd0-47fbec210e8c-1024x683.jpg 1024w, https:\/\/dtk-dortmund.de\/wp-content\/uploads\/2022\/10\/e96bd1c7-e960-4335-acd0-47fbec210e8c-768x512.jpg 768w\" sizes=\"auto, (max-width: 1296px) 100vw, 1296px\" \/><\/a><\/figure>\n\n\n\n<figure class=\"wp-block-image size-large\"><a href=\"https:\/\/dtk-dortmund.de\/wp-content\/uploads\/2022\/10\/f99c5b97-ab3c-41de-9394-f4b403018b5c.jpg\"><img loading=\"lazy\" decoding=\"async\" width=\"1296\" height=\"864\" data-id=\"1265\" src=\"https:\/\/dtk-dortmund.de\/wp-content\/uploads\/2022\/10\/f99c5b97-ab3c-41de-9394-f4b403018b5c.jpg\" alt=\"\" class=\"wp-image-1265\" srcset=\"https:\/\/dtk-dortmund.de\/wp-content\/uploads\/2022\/10\/f99c5b97-ab3c-41de-9394-f4b403018b5c.jpg 1296w, https:\/\/dtk-dortmund.de\/wp-content\/uploads\/2022\/10\/f99c5b97-ab3c-41de-9394-f4b403018b5c-300x200.jpg 300w, https:\/\/dtk-dortmund.de\/wp-content\/uploads\/2022\/10\/f99c5b97-ab3c-41de-9394-f4b403018b5c-1024x683.jpg 1024w, https:\/\/dtk-dortmund.de\/wp-content\/uploads\/2022\/10\/f99c5b97-ab3c-41de-9394-f4b403018b5c-768x512.jpg 768w\" sizes=\"auto, (max-width: 1296px) 100vw, 1296px\" \/><\/a><\/figure>\n\n\n\n<figure class=\"wp-block-image size-large\"><a href=\"https:\/\/dtk-dortmund.de\/wp-content\/uploads\/2022\/10\/887cb138-a6da-452f-bd62-62d21c3c44f9.jpg\"><img loading=\"lazy\" decoding=\"async\" width=\"1296\" height=\"864\" data-id=\"1264\" src=\"https:\/\/dtk-dortmund.de\/wp-content\/uploads\/2022\/10\/887cb138-a6da-452f-bd62-62d21c3c44f9.jpg\" alt=\"\" class=\"wp-image-1264\" srcset=\"https:\/\/dtk-dortmund.de\/wp-content\/uploads\/2022\/10\/887cb138-a6da-452f-bd62-62d21c3c44f9.jpg 1296w, https:\/\/dtk-dortmund.de\/wp-content\/uploads\/2022\/10\/887cb138-a6da-452f-bd62-62d21c3c44f9-300x200.jpg 300w, https:\/\/dtk-dortmund.de\/wp-content\/uploads\/2022\/10\/887cb138-a6da-452f-bd62-62d21c3c44f9-1024x683.jpg 1024w, https:\/\/dtk-dortmund.de\/wp-content\/uploads\/2022\/10\/887cb138-a6da-452f-bd62-62d21c3c44f9-768x512.jpg 768w\" sizes=\"auto, (max-width: 1296px) 100vw, 1296px\" \/><\/a><\/figure>\n\n\n\n<figure class=\"wp-block-image size-large\"><a href=\"https:\/\/dtk-dortmund.de\/wp-content\/uploads\/2022\/10\/de467b82-d627-4ffb-ab18-44f18cf43290.jpg\"><img loading=\"lazy\" decoding=\"async\" width=\"960\" height=\"1280\" data-id=\"1263\" src=\"https:\/\/dtk-dortmund.de\/wp-content\/uploads\/2022\/10\/de467b82-d627-4ffb-ab18-44f18cf43290.jpg\" alt=\"\" class=\"wp-image-1263\" srcset=\"https:\/\/dtk-dortmund.de\/wp-content\/uploads\/2022\/10\/de467b82-d627-4ffb-ab18-44f18cf43290.jpg 960w, https:\/\/dtk-dortmund.de\/wp-content\/uploads\/2022\/10\/de467b82-d627-4ffb-ab18-44f18cf43290-225x300.jpg 225w, https:\/\/dtk-dortmund.de\/wp-content\/uploads\/2022\/10\/de467b82-d627-4ffb-ab18-44f18cf43290-768x1024.jpg 768w\" sizes=\"auto, (max-width: 960px) 100vw, 960px\" \/><\/a><\/figure>\n\n\n\n<figure class=\"wp-block-image size-large\"><a href=\"https:\/\/dtk-dortmund.de\/wp-content\/uploads\/2022\/10\/cf2bc7e2-a1ca-4b49-b92f-d32c19a3243f.jpg\"><img loading=\"lazy\" decoding=\"async\" width=\"2048\" height=\"1536\" data-id=\"1261\" src=\"https:\/\/dtk-dortmund.de\/wp-content\/uploads\/2022\/10\/cf2bc7e2-a1ca-4b49-b92f-d32c19a3243f.jpg\" alt=\"\" class=\"wp-image-1261\" srcset=\"https:\/\/dtk-dortmund.de\/wp-content\/uploads\/2022\/10\/cf2bc7e2-a1ca-4b49-b92f-d32c19a3243f.jpg 2048w, https:\/\/dtk-dortmund.de\/wp-content\/uploads\/2022\/10\/cf2bc7e2-a1ca-4b49-b92f-d32c19a3243f-300x225.jpg 300w, https:\/\/dtk-dortmund.de\/wp-content\/uploads\/2022\/10\/cf2bc7e2-a1ca-4b49-b92f-d32c19a3243f-1024x768.jpg 1024w, https:\/\/dtk-dortmund.de\/wp-content\/uploads\/2022\/10\/cf2bc7e2-a1ca-4b49-b92f-d32c19a3243f-768x576.jpg 768w, https:\/\/dtk-dortmund.de\/wp-content\/uploads\/2022\/10\/cf2bc7e2-a1ca-4b49-b92f-d32c19a3243f-1536x1152.jpg 1536w\" sizes=\"auto, (max-width: 2048px) 100vw, 2048px\" \/><\/a><\/figure>\n\n\n\n<figure class=\"wp-block-image size-large\"><a href=\"https:\/\/dtk-dortmund.de\/wp-content\/uploads\/2022\/10\/bf601c19-5a10-4418-8ea5-cb87c6062ab3.jpg\"><img loading=\"lazy\" decoding=\"async\" width=\"2048\" height=\"1536\" data-id=\"1260\" src=\"https:\/\/dtk-dortmund.de\/wp-content\/uploads\/2022\/10\/bf601c19-5a10-4418-8ea5-cb87c6062ab3.jpg\" alt=\"\" class=\"wp-image-1260\" srcset=\"https:\/\/dtk-dortmund.de\/wp-content\/uploads\/2022\/10\/bf601c19-5a10-4418-8ea5-cb87c6062ab3.jpg 2048w, https:\/\/dtk-dortmund.de\/wp-content\/uploads\/2022\/10\/bf601c19-5a10-4418-8ea5-cb87c6062ab3-300x225.jpg 300w, https:\/\/dtk-dortmund.de\/wp-content\/uploads\/2022\/10\/bf601c19-5a10-4418-8ea5-cb87c6062ab3-1024x768.jpg 1024w, https:\/\/dtk-dortmund.de\/wp-content\/uploads\/2022\/10\/bf601c19-5a10-4418-8ea5-cb87c6062ab3-768x576.jpg 768w, https:\/\/dtk-dortmund.de\/wp-content\/uploads\/2022\/10\/bf601c19-5a10-4418-8ea5-cb87c6062ab3-1536x1152.jpg 1536w\" sizes=\"auto, (max-width: 2048px) 100vw, 2048px\" \/><\/a><\/figure>\n\n\n\n<figure class=\"wp-block-image size-large\"><a href=\"https:\/\/dtk-dortmund.de\/wp-content\/uploads\/2022\/10\/ae8249ac-6c79-4f82-bf53-6c29970b358d.jpg\"><img loading=\"lazy\" decoding=\"async\" width=\"1512\" height=\"2016\" data-id=\"1259\" src=\"https:\/\/dtk-dortmund.de\/wp-content\/uploads\/2022\/10\/ae8249ac-6c79-4f82-bf53-6c29970b358d.jpg\" alt=\"\" class=\"wp-image-1259\" srcset=\"https:\/\/dtk-dortmund.de\/wp-content\/uploads\/2022\/10\/ae8249ac-6c79-4f82-bf53-6c29970b358d.jpg 1512w, https:\/\/dtk-dortmund.de\/wp-content\/uploads\/2022\/10\/ae8249ac-6c79-4f82-bf53-6c29970b358d-225x300.jpg 225w, https:\/\/dtk-dortmund.de\/wp-content\/uploads\/2022\/10\/ae8249ac-6c79-4f82-bf53-6c29970b358d-768x1024.jpg 768w, https:\/\/dtk-dortmund.de\/wp-content\/uploads\/2022\/10\/ae8249ac-6c79-4f82-bf53-6c29970b358d-1152x1536.jpg 1152w\" sizes=\"auto, (max-width: 1512px) 100vw, 1512px\" \/><\/a><\/figure>\n\n\n\n<figure class=\"wp-block-image size-large\"><a href=\"https:\/\/dtk-dortmund.de\/wp-content\/uploads\/2022\/10\/76166931-5317-4624-b826-affe7c2d264d.jpg\"><img loading=\"lazy\" decoding=\"async\" width=\"2048\" height=\"1536\" data-id=\"1258\" src=\"https:\/\/dtk-dortmund.de\/wp-content\/uploads\/2022\/10\/76166931-5317-4624-b826-affe7c2d264d.jpg\" alt=\"\" class=\"wp-image-1258\" srcset=\"https:\/\/dtk-dortmund.de\/wp-content\/uploads\/2022\/10\/76166931-5317-4624-b826-affe7c2d264d.jpg 2048w, https:\/\/dtk-dortmund.de\/wp-content\/uploads\/2022\/10\/76166931-5317-4624-b826-affe7c2d264d-300x225.jpg 300w, https:\/\/dtk-dortmund.de\/wp-content\/uploads\/2022\/10\/76166931-5317-4624-b826-affe7c2d264d-1024x768.jpg 1024w, https:\/\/dtk-dortmund.de\/wp-content\/uploads\/2022\/10\/76166931-5317-4624-b826-affe7c2d264d-768x576.jpg 768w, https:\/\/dtk-dortmund.de\/wp-content\/uploads\/2022\/10\/76166931-5317-4624-b826-affe7c2d264d-1536x1152.jpg 1536w\" sizes=\"auto, (max-width: 2048px) 100vw, 2048px\" \/><\/a><\/figure>\n\n\n\n<figure class=\"wp-block-image size-large\"><a href=\"https:\/\/dtk-dortmund.de\/wp-content\/uploads\/2022\/10\/54bb804c-2ea5-4c63-b983-69f28908cb7f.jpg\"><img loading=\"lazy\" decoding=\"async\" width=\"2048\" height=\"1536\" data-id=\"1256\" src=\"https:\/\/dtk-dortmund.de\/wp-content\/uploads\/2022\/10\/54bb804c-2ea5-4c63-b983-69f28908cb7f.jpg\" alt=\"\" class=\"wp-image-1256\" srcset=\"https:\/\/dtk-dortmund.de\/wp-content\/uploads\/2022\/10\/54bb804c-2ea5-4c63-b983-69f28908cb7f.jpg 2048w, https:\/\/dtk-dortmund.de\/wp-content\/uploads\/2022\/10\/54bb804c-2ea5-4c63-b983-69f28908cb7f-300x225.jpg 300w, https:\/\/dtk-dortmund.de\/wp-content\/uploads\/2022\/10\/54bb804c-2ea5-4c63-b983-69f28908cb7f-1024x768.jpg 1024w, https:\/\/dtk-dortmund.de\/wp-content\/uploads\/2022\/10\/54bb804c-2ea5-4c63-b983-69f28908cb7f-768x576.jpg 768w, https:\/\/dtk-dortmund.de\/wp-content\/uploads\/2022\/10\/54bb804c-2ea5-4c63-b983-69f28908cb7f-1536x1152.jpg 1536w\" sizes=\"auto, (max-width: 2048px) 100vw, 2048px\" \/><\/a><\/figure>\n\n\n\n<figure class=\"wp-block-image size-large\"><a href=\"https:\/\/dtk-dortmund.de\/wp-content\/uploads\/2022\/10\/50d41d30-aa40-421d-841d-b6b4a7aab694.jpg\"><img loading=\"lazy\" decoding=\"async\" width=\"2048\" height=\"1536\" data-id=\"1255\" src=\"https:\/\/dtk-dortmund.de\/wp-content\/uploads\/2022\/10\/50d41d30-aa40-421d-841d-b6b4a7aab694.jpg\" alt=\"\" class=\"wp-image-1255\" srcset=\"https:\/\/dtk-dortmund.de\/wp-content\/uploads\/2022\/10\/50d41d30-aa40-421d-841d-b6b4a7aab694.jpg 2048w, https:\/\/dtk-dortmund.de\/wp-content\/uploads\/2022\/10\/50d41d30-aa40-421d-841d-b6b4a7aab694-300x225.jpg 300w, https:\/\/dtk-dortmund.de\/wp-content\/uploads\/2022\/10\/50d41d30-aa40-421d-841d-b6b4a7aab694-1024x768.jpg 1024w, https:\/\/dtk-dortmund.de\/wp-content\/uploads\/2022\/10\/50d41d30-aa40-421d-841d-b6b4a7aab694-768x576.jpg 768w, https:\/\/dtk-dortmund.de\/wp-content\/uploads\/2022\/10\/50d41d30-aa40-421d-841d-b6b4a7aab694-1536x1152.jpg 1536w\" sizes=\"auto, (max-width: 2048px) 100vw, 2048px\" \/><\/a><\/figure>\n\n\n\n<figure class=\"wp-block-image size-large\"><a href=\"https:\/\/dtk-dortmund.de\/wp-content\/uploads\/2022\/10\/0c8acf67-1253-4a48-9b5e-f763b959685c.jpg\"><img loading=\"lazy\" decoding=\"async\" width=\"960\" height=\"1280\" data-id=\"1252\" src=\"https:\/\/dtk-dortmund.de\/wp-content\/uploads\/2022\/10\/0c8acf67-1253-4a48-9b5e-f763b959685c.jpg\" alt=\"\" class=\"wp-image-1252\" srcset=\"https:\/\/dtk-dortmund.de\/wp-content\/uploads\/2022\/10\/0c8acf67-1253-4a48-9b5e-f763b959685c.jpg 960w, https:\/\/dtk-dortmund.de\/wp-content\/uploads\/2022\/10\/0c8acf67-1253-4a48-9b5e-f763b959685c-225x300.jpg 225w, https:\/\/dtk-dortmund.de\/wp-content\/uploads\/2022\/10\/0c8acf67-1253-4a48-9b5e-f763b959685c-768x1024.jpg 768w\" sizes=\"auto, (max-width: 960px) 100vw, 960px\" \/><\/a><\/figure>\n\n\n\n<figure class=\"wp-block-image size-large\"><a href=\"https:\/\/dtk-dortmund.de\/wp-content\/uploads\/2022\/10\/DTA_1811.jpg\"><img decoding=\"async\" data-id=\"1251\" src=\"https:\/\/dtk-dortmund.de\/wp-content\/uploads\/2022\/10\/DTA_1811.jpg\" alt=\"\" class=\"wp-image-1251\"\/><\/a><\/figure>\n\n\n\n<figure class=\"wp-block-image size-large\"><a href=\"https:\/\/dtk-dortmund.de\/wp-content\/uploads\/2022\/10\/35ddfa07-c4fb-4677-89de-96cb526e0acb.jpg\"><img loading=\"lazy\" decoding=\"async\" width=\"1512\" height=\"2016\" data-id=\"1254\" src=\"https:\/\/dtk-dortmund.de\/wp-content\/uploads\/2022\/10\/35ddfa07-c4fb-4677-89de-96cb526e0acb.jpg\" alt=\"\" class=\"wp-image-1254\" srcset=\"https:\/\/dtk-dortmund.de\/wp-content\/uploads\/2022\/10\/35ddfa07-c4fb-4677-89de-96cb526e0acb.jpg 1512w, https:\/\/dtk-dortmund.de\/wp-content\/uploads\/2022\/10\/35ddfa07-c4fb-4677-89de-96cb526e0acb-225x300.jpg 225w, https:\/\/dtk-dortmund.de\/wp-content\/uploads\/2022\/10\/35ddfa07-c4fb-4677-89de-96cb526e0acb-768x1024.jpg 768w, https:\/\/dtk-dortmund.de\/wp-content\/uploads\/2022\/10\/35ddfa07-c4fb-4677-89de-96cb526e0acb-1152x1536.jpg 1152w\" sizes=\"auto, (max-width: 1512px) 100vw, 1512px\" \/><\/a><\/figure>\n<figcaption class=\"blocks-gallery-caption\">Fotos: C. Klostermann, J. Buchner, M. Benkhofer, D. M\u00e4hrmann<\/figcaption><\/figure>\n","protected":false},"excerpt":{"rendered":"<p>Traditioneller Wandertag im Oktober Bei sch\u00f6nstem Herbstwetter spazierten etliche unserer Vierbeiner fr\u00f6hlich mit ihren Leuten durch die nachbarschaftliche Umgebung des Vereinsgel\u00e4ndes. Nach einem stattlichen Marsch kehrten alle am Teckegel\u00e4nde ein. Dort wartete schon frisch aus dem Backofen Leberk\u00e4se im Br\u00f6tchen auf alle Wanderer. Wer wollte, konnte sich auch an Kaffee und Kuchen erfreuen. Was f\u00fcr [&hellip;]<\/p>\n","protected":false},"author":1,"featured_media":1251,"comment_status":"open","ping_status":"closed","sticky":false,"template":"","format":"standard","meta":{"footnotes":""},"categories":[9],"tags":[],"class_list":{"0":"post-1269","1":"post","2":"type-post","3":"status-publish","4":"format-standard","5":"has-post-thumbnail","7":"category-wandertag","8":"czr-hentry"},"yoast_head":"<!-- This site is optimized with the Yoast SEO plugin v27.4 - https:\/\/yoast.com\/product\/yoast-seo-wordpress\/ -->\n<title>Wandertag am 3. Oktober 2022 - DTK Dortmund 1 e.V.<\/title>\n<meta name=\"robots\" content=\"index, follow, max-snippet:-1, max-image-preview:large, max-video-preview:-1\" \/>\n<link rel=\"canonical\" href=\"https:\/\/dtk-dortmund.de\/index.php\/2022\/10\/04\/wandertag-am-3-oktober-2022\/\" \/>\n<meta property=\"og:locale\" content=\"de_DE\" \/>\n<meta property=\"og:type\" content=\"article\" \/>\n<meta property=\"og:title\" content=\"Wandertag am 3. Oktober 2022 - DTK Dortmund 1 e.V.\" \/>\n<meta property=\"og:description\" content=\"Traditioneller Wandertag im Oktober Bei sch\u00f6nstem Herbstwetter spazierten etliche unserer Vierbeiner fr\u00f6hlich mit ihren Leuten durch die nachbarschaftliche Umgebung des Vereinsgel\u00e4ndes. Nach einem stattlichen Marsch kehrten alle am Teckegel\u00e4nde ein. Dort wartete schon frisch aus dem Backofen Leberk\u00e4se im Br\u00f6tchen auf alle Wanderer. Wer wollte, konnte sich auch an Kaffee und Kuchen erfreuen. Was f\u00fcr [&hellip;]\" \/>\n<meta property=\"og:url\" content=\"https:\/\/dtk-dortmund.de\/index.php\/2022\/10\/04\/wandertag-am-3-oktober-2022\/\" \/>\n<meta property=\"og:site_name\" content=\"DTK Dortmund 1 e.V.\" \/>\n<meta property=\"article:published_time\" content=\"2022-10-04T18:24:33+00:00\" \/>\n<meta property=\"article:modified_time\" content=\"2022-10-05T08:07:50+00:00\" \/>\n<meta property=\"og:image\" content=\"https:\/\/dtk-dortmund.de\/wp-content\/uploads\/2022\/10\/DTA_1811-e1664875243967.jpg\" \/>\n\t<meta property=\"og:image:width\" content=\"1975\" \/>\n\t<meta property=\"og:image:height\" content=\"550\" \/>\n\t<meta property=\"og:image:type\" content=\"image\/jpeg\" \/>\n<meta name=\"author\" content=\"Detlef\" \/>\n<meta name=\"twitter:card\" content=\"summary_large_image\" \/>\n<meta name=\"twitter:label1\" content=\"Verfasst von\" \/>\n\t<meta name=\"twitter:data1\" content=\"Detlef\" \/>\n\t<meta name=\"twitter:label2\" content=\"Gesch\u00e4tzte Lesezeit\" \/>\n\t<meta name=\"twitter:data2\" content=\"5\u00a0Minuten\" \/>\n<script type=\"application\/ld+json\" class=\"yoast-schema-graph\">{\"@context\":\"https:\\\/\\\/schema.org\",\"@graph\":[{\"@type\":\"Article\",\"@id\":\"https:\\\/\\\/dtk-dortmund.de\\\/index.php\\\/2022\\\/10\\\/04\\\/wandertag-am-3-oktober-2022\\\/#article\",\"isPartOf\":{\"@id\":\"https:\\\/\\\/dtk-dortmund.de\\\/index.php\\\/2022\\\/10\\\/04\\\/wandertag-am-3-oktober-2022\\\/\"},\"author\":{\"name\":\"Detlef\",\"@id\":\"https:\\\/\\\/dtk-dortmund.de\\\/#\\\/schema\\\/person\\\/f919a6898726f752adb68ae6c9ec9831\"},\"headline\":\"Wandertag am 3. Oktober 2022\",\"datePublished\":\"2022-10-04T18:24:33+00:00\",\"dateModified\":\"2022-10-05T08:07:50+00:00\",\"mainEntityOfPage\":{\"@id\":\"https:\\\/\\\/dtk-dortmund.de\\\/index.php\\\/2022\\\/10\\\/04\\\/wandertag-am-3-oktober-2022\\\/\"},\"wordCount\":79,\"commentCount\":0,\"publisher\":{\"@id\":\"https:\\\/\\\/dtk-dortmund.de\\\/#organization\"},\"image\":{\"@id\":\"https:\\\/\\\/dtk-dortmund.de\\\/index.php\\\/2022\\\/10\\\/04\\\/wandertag-am-3-oktober-2022\\\/#primaryimage\"},\"thumbnailUrl\":\"https:\\\/\\\/dtk-dortmund.de\\\/wp-content\\\/uploads\\\/2022\\\/10\\\/DTA_1811-e1664875243967.jpg\",\"articleSection\":[\"Wandertag\"],\"inLanguage\":\"de\",\"potentialAction\":[{\"@type\":\"CommentAction\",\"name\":\"Comment\",\"target\":[\"https:\\\/\\\/dtk-dortmund.de\\\/index.php\\\/2022\\\/10\\\/04\\\/wandertag-am-3-oktober-2022\\\/#respond\"]}]},{\"@type\":\"WebPage\",\"@id\":\"https:\\\/\\\/dtk-dortmund.de\\\/index.php\\\/2022\\\/10\\\/04\\\/wandertag-am-3-oktober-2022\\\/\",\"url\":\"https:\\\/\\\/dtk-dortmund.de\\\/index.php\\\/2022\\\/10\\\/04\\\/wandertag-am-3-oktober-2022\\\/\",\"name\":\"Wandertag am 3. Oktober 2022 - DTK Dortmund 1 e.V.\",\"isPartOf\":{\"@id\":\"https:\\\/\\\/dtk-dortmund.de\\\/#website\"},\"primaryImageOfPage\":{\"@id\":\"https:\\\/\\\/dtk-dortmund.de\\\/index.php\\\/2022\\\/10\\\/04\\\/wandertag-am-3-oktober-2022\\\/#primaryimage\"},\"image\":{\"@id\":\"https:\\\/\\\/dtk-dortmund.de\\\/index.php\\\/2022\\\/10\\\/04\\\/wandertag-am-3-oktober-2022\\\/#primaryimage\"},\"thumbnailUrl\":\"https:\\\/\\\/dtk-dortmund.de\\\/wp-content\\\/uploads\\\/2022\\\/10\\\/DTA_1811-e1664875243967.jpg\",\"datePublished\":\"2022-10-04T18:24:33+00:00\",\"dateModified\":\"2022-10-05T08:07:50+00:00\",\"breadcrumb\":{\"@id\":\"https:\\\/\\\/dtk-dortmund.de\\\/index.php\\\/2022\\\/10\\\/04\\\/wandertag-am-3-oktober-2022\\\/#breadcrumb\"},\"inLanguage\":\"de\",\"potentialAction\":[{\"@type\":\"ReadAction\",\"target\":[\"https:\\\/\\\/dtk-dortmund.de\\\/index.php\\\/2022\\\/10\\\/04\\\/wandertag-am-3-oktober-2022\\\/\"]}]},{\"@type\":\"ImageObject\",\"inLanguage\":\"de\",\"@id\":\"https:\\\/\\\/dtk-dortmund.de\\\/index.php\\\/2022\\\/10\\\/04\\\/wandertag-am-3-oktober-2022\\\/#primaryimage\",\"url\":\"https:\\\/\\\/dtk-dortmund.de\\\/wp-content\\\/uploads\\\/2022\\\/10\\\/DTA_1811-e1664875243967.jpg\",\"contentUrl\":\"https:\\\/\\\/dtk-dortmund.de\\\/wp-content\\\/uploads\\\/2022\\\/10\\\/DTA_1811-e1664875243967.jpg\",\"width\":1975,\"height\":550},{\"@type\":\"BreadcrumbList\",\"@id\":\"https:\\\/\\\/dtk-dortmund.de\\\/index.php\\\/2022\\\/10\\\/04\\\/wandertag-am-3-oktober-2022\\\/#breadcrumb\",\"itemListElement\":[{\"@type\":\"ListItem\",\"position\":1,\"name\":\"Startseite\",\"item\":\"https:\\\/\\\/dtk-dortmund.de\\\/\"},{\"@type\":\"ListItem\",\"position\":2,\"name\":\"Wandertag am 3. Oktober 2022\"}]},{\"@type\":\"WebSite\",\"@id\":\"https:\\\/\\\/dtk-dortmund.de\\\/#website\",\"url\":\"https:\\\/\\\/dtk-dortmund.de\\\/\",\"name\":\"DTK Dortmund 1 e.V.\",\"description\":\"Gruppe Dortmund 1 e.V. im Deutschen Teckelklub. Gegr\u00fcndet 1921.\",\"publisher\":{\"@id\":\"https:\\\/\\\/dtk-dortmund.de\\\/#organization\"},\"potentialAction\":[{\"@type\":\"SearchAction\",\"target\":{\"@type\":\"EntryPoint\",\"urlTemplate\":\"https:\\\/\\\/dtk-dortmund.de\\\/?s={search_term_string}\"},\"query-input\":{\"@type\":\"PropertyValueSpecification\",\"valueRequired\":true,\"valueName\":\"search_term_string\"}}],\"inLanguage\":\"de\"},{\"@type\":\"Organization\",\"@id\":\"https:\\\/\\\/dtk-dortmund.de\\\/#organization\",\"name\":\"DTK Dortmund 1 e.V.\",\"url\":\"https:\\\/\\\/dtk-dortmund.de\\\/\",\"logo\":{\"@type\":\"ImageObject\",\"inLanguage\":\"de\",\"@id\":\"https:\\\/\\\/dtk-dortmund.de\\\/#\\\/schema\\\/logo\\\/image\\\/\",\"url\":\"https:\\\/\\\/dtk-dortmund.de\\\/wp-content\\\/uploads\\\/2023\\\/07\\\/cropped-cropped-cropped-DTKDOSymbol_250-1.png\",\"contentUrl\":\"https:\\\/\\\/dtk-dortmund.de\\\/wp-content\\\/uploads\\\/2023\\\/07\\\/cropped-cropped-cropped-DTKDOSymbol_250-1.png\",\"width\":250,\"height\":250,\"caption\":\"DTK Dortmund 1 e.V.\"},\"image\":{\"@id\":\"https:\\\/\\\/dtk-dortmund.de\\\/#\\\/schema\\\/logo\\\/image\\\/\"}},{\"@type\":\"Person\",\"@id\":\"https:\\\/\\\/dtk-dortmund.de\\\/#\\\/schema\\\/person\\\/f919a6898726f752adb68ae6c9ec9831\",\"name\":\"Detlef\",\"image\":{\"@type\":\"ImageObject\",\"inLanguage\":\"de\",\"@id\":\"https:\\\/\\\/secure.gravatar.com\\\/avatar\\\/17a1551cff23f9dfd94729babaa933b421f595809038959a20ad90f1677e1467?s=96&d=mm&r=g\",\"url\":\"https:\\\/\\\/secure.gravatar.com\\\/avatar\\\/17a1551cff23f9dfd94729babaa933b421f595809038959a20ad90f1677e1467?s=96&d=mm&r=g\",\"contentUrl\":\"https:\\\/\\\/secure.gravatar.com\\\/avatar\\\/17a1551cff23f9dfd94729babaa933b421f595809038959a20ad90f1677e1467?s=96&d=mm&r=g\",\"caption\":\"Detlef\"},\"sameAs\":[\"https:\\\/\\\/dtk-dortmund.de\"],\"url\":\"https:\\\/\\\/dtk-dortmund.de\\\/index.php\\\/author\\\/maehrmann\\\/\"}]}<\/script>\n<!-- \/ Yoast SEO plugin. -->","yoast_head_json":{"title":"Wandertag am 3. Oktober 2022 - DTK Dortmund 1 e.V.","robots":{"index":"index","follow":"follow","max-snippet":"max-snippet:-1","max-image-preview":"max-image-preview:large","max-video-preview":"max-video-preview:-1"},"canonical":"https:\/\/dtk-dortmund.de\/index.php\/2022\/10\/04\/wandertag-am-3-oktober-2022\/","og_locale":"de_DE","og_type":"article","og_title":"Wandertag am 3. Oktober 2022 - DTK Dortmund 1 e.V.","og_description":"Traditioneller Wandertag im Oktober Bei sch\u00f6nstem Herbstwetter spazierten etliche unserer Vierbeiner fr\u00f6hlich mit ihren Leuten durch die nachbarschaftliche Umgebung des Vereinsgel\u00e4ndes. Nach einem stattlichen Marsch kehrten alle am Teckegel\u00e4nde ein. Dort wartete schon frisch aus dem Backofen Leberk\u00e4se im Br\u00f6tchen auf alle Wanderer. Wer wollte, konnte sich auch an Kaffee und Kuchen erfreuen. Was f\u00fcr [&hellip;]","og_url":"https:\/\/dtk-dortmund.de\/index.php\/2022\/10\/04\/wandertag-am-3-oktober-2022\/","og_site_name":"DTK Dortmund 1 e.V.","article_published_time":"2022-10-04T18:24:33+00:00","article_modified_time":"2022-10-05T08:07:50+00:00","og_image":[{"width":1975,"height":550,"url":"https:\/\/dtk-dortmund.de\/wp-content\/uploads\/2022\/10\/DTA_1811-e1664875243967.jpg","type":"image\/jpeg"}],"author":"Detlef","twitter_card":"summary_large_image","twitter_misc":{"Verfasst von":"Detlef","Gesch\u00e4tzte Lesezeit":"5\u00a0Minuten"},"schema":{"@context":"https:\/\/schema.org","@graph":[{"@type":"Article","@id":"https:\/\/dtk-dortmund.de\/index.php\/2022\/10\/04\/wandertag-am-3-oktober-2022\/#article","isPartOf":{"@id":"https:\/\/dtk-dortmund.de\/index.php\/2022\/10\/04\/wandertag-am-3-oktober-2022\/"},"author":{"name":"Detlef","@id":"https:\/\/dtk-dortmund.de\/#\/schema\/person\/f919a6898726f752adb68ae6c9ec9831"},"headline":"Wandertag am 3. Oktober 2022","datePublished":"2022-10-04T18:24:33+00:00","dateModified":"2022-10-05T08:07:50+00:00","mainEntityOfPage":{"@id":"https:\/\/dtk-dortmund.de\/index.php\/2022\/10\/04\/wandertag-am-3-oktober-2022\/"},"wordCount":79,"commentCount":0,"publisher":{"@id":"https:\/\/dtk-dortmund.de\/#organization"},"image":{"@id":"https:\/\/dtk-dortmund.de\/index.php\/2022\/10\/04\/wandertag-am-3-oktober-2022\/#primaryimage"},"thumbnailUrl":"https:\/\/dtk-dortmund.de\/wp-content\/uploads\/2022\/10\/DTA_1811-e1664875243967.jpg","articleSection":["Wandertag"],"inLanguage":"de","potentialAction":[{"@type":"CommentAction","name":"Comment","target":["https:\/\/dtk-dortmund.de\/index.php\/2022\/10\/04\/wandertag-am-3-oktober-2022\/#respond"]}]},{"@type":"WebPage","@id":"https:\/\/dtk-dortmund.de\/index.php\/2022\/10\/04\/wandertag-am-3-oktober-2022\/","url":"https:\/\/dtk-dortmund.de\/index.php\/2022\/10\/04\/wandertag-am-3-oktober-2022\/","name":"Wandertag am 3. Oktober 2022 - DTK Dortmund 1 e.V.","isPartOf":{"@id":"https:\/\/dtk-dortmund.de\/#website"},"primaryImageOfPage":{"@id":"https:\/\/dtk-dortmund.de\/index.php\/2022\/10\/04\/wandertag-am-3-oktober-2022\/#primaryimage"},"image":{"@id":"https:\/\/dtk-dortmund.de\/index.php\/2022\/10\/04\/wandertag-am-3-oktober-2022\/#primaryimage"},"thumbnailUrl":"https:\/\/dtk-dortmund.de\/wp-content\/uploads\/2022\/10\/DTA_1811-e1664875243967.jpg","datePublished":"2022-10-04T18:24:33+00:00","dateModified":"2022-10-05T08:07:50+00:00","breadcrumb":{"@id":"https:\/\/dtk-dortmund.de\/index.php\/2022\/10\/04\/wandertag-am-3-oktober-2022\/#breadcrumb"},"inLanguage":"de","potentialAction":[{"@type":"ReadAction","target":["https:\/\/dtk-dortmund.de\/index.php\/2022\/10\/04\/wandertag-am-3-oktober-2022\/"]}]},{"@type":"ImageObject","inLanguage":"de","@id":"https:\/\/dtk-dortmund.de\/index.php\/2022\/10\/04\/wandertag-am-3-oktober-2022\/#primaryimage","url":"https:\/\/dtk-dortmund.de\/wp-content\/uploads\/2022\/10\/DTA_1811-e1664875243967.jpg","contentUrl":"https:\/\/dtk-dortmund.de\/wp-content\/uploads\/2022\/10\/DTA_1811-e1664875243967.jpg","width":1975,"height":550},{"@type":"BreadcrumbList","@id":"https:\/\/dtk-dortmund.de\/index.php\/2022\/10\/04\/wandertag-am-3-oktober-2022\/#breadcrumb","itemListElement":[{"@type":"ListItem","position":1,"name":"Startseite","item":"https:\/\/dtk-dortmund.de\/"},{"@type":"ListItem","position":2,"name":"Wandertag am 3. Oktober 2022"}]},{"@type":"WebSite","@id":"https:\/\/dtk-dortmund.de\/#website","url":"https:\/\/dtk-dortmund.de\/","name":"DTK Dortmund 1 e.V.","description":"Gruppe Dortmund 1 e.V. im Deutschen Teckelklub. Gegr\u00fcndet 1921.","publisher":{"@id":"https:\/\/dtk-dortmund.de\/#organization"},"potentialAction":[{"@type":"SearchAction","target":{"@type":"EntryPoint","urlTemplate":"https:\/\/dtk-dortmund.de\/?s={search_term_string}"},"query-input":{"@type":"PropertyValueSpecification","valueRequired":true,"valueName":"search_term_string"}}],"inLanguage":"de"},{"@type":"Organization","@id":"https:\/\/dtk-dortmund.de\/#organization","name":"DTK Dortmund 1 e.V.","url":"https:\/\/dtk-dortmund.de\/","logo":{"@type":"ImageObject","inLanguage":"de","@id":"https:\/\/dtk-dortmund.de\/#\/schema\/logo\/image\/","url":"https:\/\/dtk-dortmund.de\/wp-content\/uploads\/2023\/07\/cropped-cropped-cropped-DTKDOSymbol_250-1.png","contentUrl":"https:\/\/dtk-dortmund.de\/wp-content\/uploads\/2023\/07\/cropped-cropped-cropped-DTKDOSymbol_250-1.png","width":250,"height":250,"caption":"DTK Dortmund 1 e.V."},"image":{"@id":"https:\/\/dtk-dortmund.de\/#\/schema\/logo\/image\/"}},{"@type":"Person","@id":"https:\/\/dtk-dortmund.de\/#\/schema\/person\/f919a6898726f752adb68ae6c9ec9831","name":"Detlef","image":{"@type":"ImageObject","inLanguage":"de","@id":"https:\/\/secure.gravatar.com\/avatar\/17a1551cff23f9dfd94729babaa933b421f595809038959a20ad90f1677e1467?s=96&d=mm&r=g","url":"https:\/\/secure.gravatar.com\/avatar\/17a1551cff23f9dfd94729babaa933b421f595809038959a20ad90f1677e1467?s=96&d=mm&r=g","contentUrl":"https:\/\/secure.gravatar.com\/avatar\/17a1551cff23f9dfd94729babaa933b421f595809038959a20ad90f1677e1467?s=96&d=mm&r=g","caption":"Detlef"},"sameAs":["https:\/\/dtk-dortmund.de"],"url":"https:\/\/dtk-dortmund.de\/index.php\/author\/maehrmann\/"}]}},"_links":{"self":[{"href":"https:\/\/dtk-dortmund.de\/index.php\/wp-json\/wp\/v2\/posts\/1269","targetHints":{"allow":["GET"]}}],"collection":[{"href":"https:\/\/dtk-dortmund.de\/index.php\/wp-json\/wp\/v2\/posts"}],"about":[{"href":"https:\/\/dtk-dortmund.de\/index.php\/wp-json\/wp\/v2\/types\/post"}],"author":[{"embeddable":true,"href":"https:\/\/dtk-dortmund.de\/index.php\/wp-json\/wp\/v2\/users\/1"}],"replies":[{"embeddable":true,"href":"https:\/\/dtk-dortmund.de\/index.php\/wp-json\/wp\/v2\/comments?post=1269"}],"version-history":[{"count":5,"href":"https:\/\/dtk-dortmund.de\/index.php\/wp-json\/wp\/v2\/posts\/1269\/revisions"}],"predecessor-version":[{"id":1275,"href":"https:\/\/dtk-dortmund.de\/index.php\/wp-json\/wp\/v2\/posts\/1269\/revisions\/1275"}],"wp:featuredmedia":[{"embeddable":true,"href":"https:\/\/dtk-dortmund.de\/index.php\/wp-json\/wp\/v2\/media\/1251"}],"wp:attachment":[{"href":"https:\/\/dtk-dortmund.de\/index.php\/wp-json\/wp\/v2\/media?parent=1269"}],"wp:term":[{"taxonomy":"category","embeddable":true,"href":"https:\/\/dtk-dortmund.de\/index.php\/wp-json\/wp\/v2\/categories?post=1269"},{"taxonomy":"post_tag","embeddable":true,"href":"https:\/\/dtk-dortmund.de\/index.php\/wp-json\/wp\/v2\/tags?post=1269"}],"curies":[{"name":"wp","href":"https:\/\/api.w.org\/{rel}","templated":true}]}}