{"id":1479,"date":"2022-12-03T14:45:00","date_gmt":"2022-12-03T14:45:00","guid":{"rendered":"https:\/\/dtk-dortmund.de\/?p=1479"},"modified":"2023-01-04T14:48:38","modified_gmt":"2023-01-04T14:48:38","slug":"laubaktion-im-dezember","status":"publish","type":"post","link":"https:\/\/dtk-dortmund.de\/index.php\/2022\/12\/03\/laubaktion-im-dezember\/","title":{"rendered":"Laubaktion im Dezember"},"content":{"rendered":"\n<p>Nach kurzer Besprechung befreiten wir am 03. Dezember unser Vereinsgel\u00e4nde vom Herbstlaub. Fr\u00fchst\u00fcck haben wir nat\u00fcrlich nicht vergessen ;).<\/p>\n\n\n\n<p>Vielen Dank an die Helfer:innen!<\/p>\n\n\n\n<figure class=\"wp-block-gallery has-nested-images columns-2 is-cropped wp-block-gallery-1 is-layout-flex wp-block-gallery-is-layout-flex\">\n<figure class=\"wp-block-image size-large\"><a href=\"https:\/\/dtk-dortmund.de\/wp-content\/uploads\/2023\/01\/1670189250384.jpg\"><img loading=\"lazy\" decoding=\"async\" width=\"1600\" height=\"720\" data-id=\"1501\" src=\"https:\/\/dtk-dortmund.de\/wp-content\/uploads\/2023\/01\/1670189250384.jpg\" alt=\"\" class=\"wp-image-1501\" srcset=\"https:\/\/dtk-dortmund.de\/wp-content\/uploads\/2023\/01\/1670189250384.jpg 1600w, https:\/\/dtk-dortmund.de\/wp-content\/uploads\/2023\/01\/1670189250384-300x135.jpg 300w, https:\/\/dtk-dortmund.de\/wp-content\/uploads\/2023\/01\/1670189250384-1024x461.jpg 1024w, https:\/\/dtk-dortmund.de\/wp-content\/uploads\/2023\/01\/1670189250384-768x346.jpg 768w, https:\/\/dtk-dortmund.de\/wp-content\/uploads\/2023\/01\/1670189250384-1536x691.jpg 1536w\" sizes=\"auto, (max-width: 1600px) 100vw, 1600px\" \/><\/a><\/figure>\n\n\n\n<figure class=\"wp-block-image size-large\"><a href=\"https:\/\/dtk-dortmund.de\/wp-content\/uploads\/2023\/01\/1670189250277.jpg\"><img loading=\"lazy\" decoding=\"async\" width=\"1600\" height=\"720\" data-id=\"1499\" src=\"https:\/\/dtk-dortmund.de\/wp-content\/uploads\/2023\/01\/1670189250277.jpg\" alt=\"\" class=\"wp-image-1499\" srcset=\"https:\/\/dtk-dortmund.de\/wp-content\/uploads\/2023\/01\/1670189250277.jpg 1600w, https:\/\/dtk-dortmund.de\/wp-content\/uploads\/2023\/01\/1670189250277-300x135.jpg 300w, https:\/\/dtk-dortmund.de\/wp-content\/uploads\/2023\/01\/1670189250277-1024x461.jpg 1024w, https:\/\/dtk-dortmund.de\/wp-content\/uploads\/2023\/01\/1670189250277-768x346.jpg 768w, https:\/\/dtk-dortmund.de\/wp-content\/uploads\/2023\/01\/1670189250277-1536x691.jpg 1536w\" sizes=\"auto, (max-width: 1600px) 100vw, 1600px\" \/><\/a><\/figure>\n\n\n\n<figure class=\"wp-block-image size-large\"><a href=\"https:\/\/dtk-dortmund.de\/wp-content\/uploads\/2023\/01\/1670189250314.jpg\"><img loading=\"lazy\" decoding=\"async\" width=\"1600\" height=\"720\" data-id=\"1500\" src=\"https:\/\/dtk-dortmund.de\/wp-content\/uploads\/2023\/01\/1670189250314.jpg\" alt=\"\" class=\"wp-image-1500\" srcset=\"https:\/\/dtk-dortmund.de\/wp-content\/uploads\/2023\/01\/1670189250314.jpg 1600w, https:\/\/dtk-dortmund.de\/wp-content\/uploads\/2023\/01\/1670189250314-300x135.jpg 300w, https:\/\/dtk-dortmund.de\/wp-content\/uploads\/2023\/01\/1670189250314-1024x461.jpg 1024w, https:\/\/dtk-dortmund.de\/wp-content\/uploads\/2023\/01\/1670189250314-768x346.jpg 768w, https:\/\/dtk-dortmund.de\/wp-content\/uploads\/2023\/01\/1670189250314-1536x691.jpg 1536w\" sizes=\"auto, (max-width: 1600px) 100vw, 1600px\" \/><\/a><\/figure>\n\n\n\n<figure class=\"wp-block-image size-large\"><a href=\"https:\/\/dtk-dortmund.de\/wp-content\/uploads\/2023\/01\/1670189250262.jpg\"><img loading=\"lazy\" decoding=\"async\" width=\"1600\" height=\"720\" data-id=\"1498\" src=\"https:\/\/dtk-dortmund.de\/wp-content\/uploads\/2023\/01\/1670189250262.jpg\" alt=\"\" class=\"wp-image-1498\" srcset=\"https:\/\/dtk-dortmund.de\/wp-content\/uploads\/2023\/01\/1670189250262.jpg 1600w, https:\/\/dtk-dortmund.de\/wp-content\/uploads\/2023\/01\/1670189250262-300x135.jpg 300w, https:\/\/dtk-dortmund.de\/wp-content\/uploads\/2023\/01\/1670189250262-1024x461.jpg 1024w, https:\/\/dtk-dortmund.de\/wp-content\/uploads\/2023\/01\/1670189250262-768x346.jpg 768w, https:\/\/dtk-dortmund.de\/wp-content\/uploads\/2023\/01\/1670189250262-1536x691.jpg 1536w\" sizes=\"auto, (max-width: 1600px) 100vw, 1600px\" \/><\/a><\/figure>\n\n\n\n<figure class=\"wp-block-image size-large\"><a href=\"https:\/\/dtk-dortmund.de\/wp-content\/uploads\/2023\/01\/1670189250248.jpg\"><img loading=\"lazy\" decoding=\"async\" width=\"1600\" height=\"720\" data-id=\"1497\" src=\"https:\/\/dtk-dortmund.de\/wp-content\/uploads\/2023\/01\/1670189250248.jpg\" alt=\"\" class=\"wp-image-1497\" srcset=\"https:\/\/dtk-dortmund.de\/wp-content\/uploads\/2023\/01\/1670189250248.jpg 1600w, https:\/\/dtk-dortmund.de\/wp-content\/uploads\/2023\/01\/1670189250248-300x135.jpg 300w, https:\/\/dtk-dortmund.de\/wp-content\/uploads\/2023\/01\/1670189250248-1024x461.jpg 1024w, https:\/\/dtk-dortmund.de\/wp-content\/uploads\/2023\/01\/1670189250248-768x346.jpg 768w, https:\/\/dtk-dortmund.de\/wp-content\/uploads\/2023\/01\/1670189250248-1536x691.jpg 1536w\" sizes=\"auto, (max-width: 1600px) 100vw, 1600px\" \/><\/a><\/figure>\n\n\n\n<figure class=\"wp-block-image size-large\"><a href=\"https:\/\/dtk-dortmund.de\/wp-content\/uploads\/2023\/01\/1670189250180.jpg\"><img loading=\"lazy\" decoding=\"async\" width=\"1600\" height=\"720\" data-id=\"1495\" src=\"https:\/\/dtk-dortmund.de\/wp-content\/uploads\/2023\/01\/1670189250180.jpg\" alt=\"\" class=\"wp-image-1495\" srcset=\"https:\/\/dtk-dortmund.de\/wp-content\/uploads\/2023\/01\/1670189250180.jpg 1600w, https:\/\/dtk-dortmund.de\/wp-content\/uploads\/2023\/01\/1670189250180-300x135.jpg 300w, https:\/\/dtk-dortmund.de\/wp-content\/uploads\/2023\/01\/1670189250180-1024x461.jpg 1024w, https:\/\/dtk-dortmund.de\/wp-content\/uploads\/2023\/01\/1670189250180-768x346.jpg 768w, https:\/\/dtk-dortmund.de\/wp-content\/uploads\/2023\/01\/1670189250180-1536x691.jpg 1536w\" sizes=\"auto, (max-width: 1600px) 100vw, 1600px\" \/><\/a><\/figure>\n\n\n\n<figure class=\"wp-block-image size-large\"><a href=\"https:\/\/dtk-dortmund.de\/wp-content\/uploads\/2023\/01\/1670189250222.jpg\"><img loading=\"lazy\" decoding=\"async\" width=\"1600\" height=\"720\" data-id=\"1496\" src=\"https:\/\/dtk-dortmund.de\/wp-content\/uploads\/2023\/01\/1670189250222.jpg\" alt=\"\" class=\"wp-image-1496\" srcset=\"https:\/\/dtk-dortmund.de\/wp-content\/uploads\/2023\/01\/1670189250222.jpg 1600w, https:\/\/dtk-dortmund.de\/wp-content\/uploads\/2023\/01\/1670189250222-300x135.jpg 300w, https:\/\/dtk-dortmund.de\/wp-content\/uploads\/2023\/01\/1670189250222-1024x461.jpg 1024w, https:\/\/dtk-dortmund.de\/wp-content\/uploads\/2023\/01\/1670189250222-768x346.jpg 768w, https:\/\/dtk-dortmund.de\/wp-content\/uploads\/2023\/01\/1670189250222-1536x691.jpg 1536w\" sizes=\"auto, (max-width: 1600px) 100vw, 1600px\" \/><\/a><\/figure>\n\n\n\n<figure class=\"wp-block-image size-large\"><a href=\"https:\/\/dtk-dortmund.de\/wp-content\/uploads\/2023\/01\/1670189250153.jpg\"><img loading=\"lazy\" decoding=\"async\" width=\"1600\" height=\"720\" data-id=\"1494\" src=\"https:\/\/dtk-dortmund.de\/wp-content\/uploads\/2023\/01\/1670189250153.jpg\" alt=\"\" class=\"wp-image-1494\" srcset=\"https:\/\/dtk-dortmund.de\/wp-content\/uploads\/2023\/01\/1670189250153.jpg 1600w, https:\/\/dtk-dortmund.de\/wp-content\/uploads\/2023\/01\/1670189250153-300x135.jpg 300w, https:\/\/dtk-dortmund.de\/wp-content\/uploads\/2023\/01\/1670189250153-1024x461.jpg 1024w, https:\/\/dtk-dortmund.de\/wp-content\/uploads\/2023\/01\/1670189250153-768x346.jpg 768w, https:\/\/dtk-dortmund.de\/wp-content\/uploads\/2023\/01\/1670189250153-1536x691.jpg 1536w\" sizes=\"auto, (max-width: 1600px) 100vw, 1600px\" \/><\/a><\/figure>\n\n\n\n<figure class=\"wp-block-image size-large\"><a href=\"https:\/\/dtk-dortmund.de\/wp-content\/uploads\/2023\/01\/1670189250101.jpg\"><img loading=\"lazy\" decoding=\"async\" width=\"1600\" height=\"720\" data-id=\"1491\" src=\"https:\/\/dtk-dortmund.de\/wp-content\/uploads\/2023\/01\/1670189250101.jpg\" alt=\"\" class=\"wp-image-1491\" srcset=\"https:\/\/dtk-dortmund.de\/wp-content\/uploads\/2023\/01\/1670189250101.jpg 1600w, https:\/\/dtk-dortmund.de\/wp-content\/uploads\/2023\/01\/1670189250101-300x135.jpg 300w, https:\/\/dtk-dortmund.de\/wp-content\/uploads\/2023\/01\/1670189250101-1024x461.jpg 1024w, https:\/\/dtk-dortmund.de\/wp-content\/uploads\/2023\/01\/1670189250101-768x346.jpg 768w, https:\/\/dtk-dortmund.de\/wp-content\/uploads\/2023\/01\/1670189250101-1536x691.jpg 1536w\" sizes=\"auto, (max-width: 1600px) 100vw, 1600px\" \/><\/a><\/figure>\n\n\n\n<figure class=\"wp-block-image size-large\"><a href=\"https:\/\/dtk-dortmund.de\/wp-content\/uploads\/2023\/01\/1670189250088.jpg\"><img loading=\"lazy\" decoding=\"async\" width=\"1600\" height=\"720\" data-id=\"1490\" src=\"https:\/\/dtk-dortmund.de\/wp-content\/uploads\/2023\/01\/1670189250088.jpg\" alt=\"\" class=\"wp-image-1490\" srcset=\"https:\/\/dtk-dortmund.de\/wp-content\/uploads\/2023\/01\/1670189250088.jpg 1600w, https:\/\/dtk-dortmund.de\/wp-content\/uploads\/2023\/01\/1670189250088-300x135.jpg 300w, https:\/\/dtk-dortmund.de\/wp-content\/uploads\/2023\/01\/1670189250088-1024x461.jpg 1024w, https:\/\/dtk-dortmund.de\/wp-content\/uploads\/2023\/01\/1670189250088-768x346.jpg 768w, https:\/\/dtk-dortmund.de\/wp-content\/uploads\/2023\/01\/1670189250088-1536x691.jpg 1536w\" sizes=\"auto, (max-width: 1600px) 100vw, 1600px\" \/><\/a><\/figure>\n\n\n\n<figure class=\"wp-block-image size-large\"><a href=\"https:\/\/dtk-dortmund.de\/wp-content\/uploads\/2023\/01\/1670189250061.jpg\"><img loading=\"lazy\" decoding=\"async\" width=\"1600\" height=\"720\" data-id=\"1489\" src=\"https:\/\/dtk-dortmund.de\/wp-content\/uploads\/2023\/01\/1670189250061.jpg\" alt=\"\" class=\"wp-image-1489\" srcset=\"https:\/\/dtk-dortmund.de\/wp-content\/uploads\/2023\/01\/1670189250061.jpg 1600w, https:\/\/dtk-dortmund.de\/wp-content\/uploads\/2023\/01\/1670189250061-300x135.jpg 300w, https:\/\/dtk-dortmund.de\/wp-content\/uploads\/2023\/01\/1670189250061-1024x461.jpg 1024w, https:\/\/dtk-dortmund.de\/wp-content\/uploads\/2023\/01\/1670189250061-768x346.jpg 768w, https:\/\/dtk-dortmund.de\/wp-content\/uploads\/2023\/01\/1670189250061-1536x691.jpg 1536w\" sizes=\"auto, (max-width: 1600px) 100vw, 1600px\" \/><\/a><\/figure>\n\n\n\n<figure class=\"wp-block-image size-large\"><a href=\"https:\/\/dtk-dortmund.de\/wp-content\/uploads\/2023\/01\/1670189250045.jpg\"><img loading=\"lazy\" decoding=\"async\" width=\"1600\" height=\"720\" data-id=\"1488\" src=\"https:\/\/dtk-dortmund.de\/wp-content\/uploads\/2023\/01\/1670189250045.jpg\" alt=\"\" class=\"wp-image-1488\" srcset=\"https:\/\/dtk-dortmund.de\/wp-content\/uploads\/2023\/01\/1670189250045.jpg 1600w, https:\/\/dtk-dortmund.de\/wp-content\/uploads\/2023\/01\/1670189250045-300x135.jpg 300w, https:\/\/dtk-dortmund.de\/wp-content\/uploads\/2023\/01\/1670189250045-1024x461.jpg 1024w, https:\/\/dtk-dortmund.de\/wp-content\/uploads\/2023\/01\/1670189250045-768x346.jpg 768w, https:\/\/dtk-dortmund.de\/wp-content\/uploads\/2023\/01\/1670189250045-1536x691.jpg 1536w\" sizes=\"auto, (max-width: 1600px) 100vw, 1600px\" \/><\/a><\/figure>\n\n\n\n<figure class=\"wp-block-image size-large\"><a href=\"https:\/\/dtk-dortmund.de\/wp-content\/uploads\/2023\/01\/1670189250115.jpg\"><img loading=\"lazy\" decoding=\"async\" width=\"720\" height=\"1600\" data-id=\"1492\" src=\"https:\/\/dtk-dortmund.de\/wp-content\/uploads\/2023\/01\/1670189250115.jpg\" alt=\"\" class=\"wp-image-1492\" srcset=\"https:\/\/dtk-dortmund.de\/wp-content\/uploads\/2023\/01\/1670189250115.jpg 720w, https:\/\/dtk-dortmund.de\/wp-content\/uploads\/2023\/01\/1670189250115-135x300.jpg 135w, https:\/\/dtk-dortmund.de\/wp-content\/uploads\/2023\/01\/1670189250115-461x1024.jpg 461w, https:\/\/dtk-dortmund.de\/wp-content\/uploads\/2023\/01\/1670189250115-691x1536.jpg 691w\" sizes=\"auto, (max-width: 720px) 100vw, 720px\" \/><\/a><\/figure>\n\n\n\n<figure class=\"wp-block-image size-large\"><a href=\"https:\/\/dtk-dortmund.de\/wp-content\/uploads\/2023\/01\/1670189250127.jpg\"><img loading=\"lazy\" decoding=\"async\" width=\"720\" height=\"1600\" data-id=\"1493\" src=\"https:\/\/dtk-dortmund.de\/wp-content\/uploads\/2023\/01\/1670189250127.jpg\" alt=\"\" class=\"wp-image-1493\" srcset=\"https:\/\/dtk-dortmund.de\/wp-content\/uploads\/2023\/01\/1670189250127.jpg 720w, https:\/\/dtk-dortmund.de\/wp-content\/uploads\/2023\/01\/1670189250127-135x300.jpg 135w, https:\/\/dtk-dortmund.de\/wp-content\/uploads\/2023\/01\/1670189250127-461x1024.jpg 461w, https:\/\/dtk-dortmund.de\/wp-content\/uploads\/2023\/01\/1670189250127-691x1536.jpg 691w\" sizes=\"auto, (max-width: 720px) 100vw, 720px\" \/><\/a><\/figure>\n<\/figure>\n","protected":false},"excerpt":{"rendered":"<p>Nach kurzer Besprechung befreiten wir am 03. Dezember unser Vereinsgel\u00e4nde vom Herbstlaub. Fr\u00fchst\u00fcck haben wir nat\u00fcrlich nicht vergessen ;). Vielen Dank an die Helfer:innen!<\/p>\n","protected":false},"author":1,"featured_media":1502,"comment_status":"open","ping_status":"closed","sticky":false,"template":"","format":"standard","meta":{"footnotes":""},"categories":[3],"tags":[],"class_list":{"0":"post-1479","1":"post","2":"type-post","3":"status-publish","4":"format-standard","5":"has-post-thumbnail","7":"category-allgemein","8":"czr-hentry"},"yoast_head":"<!-- This site is optimized with the Yoast SEO plugin v27.4 - https:\/\/yoast.com\/product\/yoast-seo-wordpress\/ -->\n<title>Laubaktion im Dezember - DTK Dortmund 1 e.V.<\/title>\n<meta name=\"robots\" content=\"index, follow, max-snippet:-1, max-image-preview:large, max-video-preview:-1\" \/>\n<link rel=\"canonical\" href=\"https:\/\/dtk-dortmund.de\/index.php\/2022\/12\/03\/laubaktion-im-dezember\/\" \/>\n<meta property=\"og:locale\" content=\"de_DE\" \/>\n<meta property=\"og:type\" content=\"article\" \/>\n<meta property=\"og:title\" content=\"Laubaktion im Dezember - DTK Dortmund 1 e.V.\" \/>\n<meta property=\"og:description\" content=\"Nach kurzer Besprechung befreiten wir am 03. Dezember unser Vereinsgel\u00e4nde vom Herbstlaub. Fr\u00fchst\u00fcck haben wir nat\u00fcrlich nicht vergessen ;). Vielen Dank an die Helfer:innen!\" \/>\n<meta property=\"og:url\" content=\"https:\/\/dtk-dortmund.de\/index.php\/2022\/12\/03\/laubaktion-im-dezember\/\" \/>\n<meta property=\"og:site_name\" content=\"DTK Dortmund 1 e.V.\" \/>\n<meta property=\"article:published_time\" content=\"2022-12-03T14:45:00+00:00\" \/>\n<meta property=\"article:modified_time\" content=\"2023-01-04T14:48:38+00:00\" \/>\n<meta property=\"og:image\" content=\"https:\/\/dtk-dortmund.de\/wp-content\/uploads\/2023\/01\/DSC_5176web.jpg\" \/>\n\t<meta property=\"og:image:width\" content=\"1500\" \/>\n\t<meta property=\"og:image:height\" content=\"1000\" \/>\n\t<meta property=\"og:image:type\" content=\"image\/jpeg\" \/>\n<meta name=\"author\" content=\"Detlef\" \/>\n<meta name=\"twitter:card\" content=\"summary_large_image\" \/>\n<meta name=\"twitter:label1\" content=\"Verfasst von\" \/>\n\t<meta name=\"twitter:data1\" content=\"Detlef\" \/>\n\t<meta name=\"twitter:label2\" content=\"Gesch\u00e4tzte Lesezeit\" \/>\n\t<meta name=\"twitter:data2\" content=\"3\u00a0Minuten\" \/>\n<script type=\"application\/ld+json\" class=\"yoast-schema-graph\">{\"@context\":\"https:\\\/\\\/schema.org\",\"@graph\":[{\"@type\":\"Article\",\"@id\":\"https:\\\/\\\/dtk-dortmund.de\\\/index.php\\\/2022\\\/12\\\/03\\\/laubaktion-im-dezember\\\/#article\",\"isPartOf\":{\"@id\":\"https:\\\/\\\/dtk-dortmund.de\\\/index.php\\\/2022\\\/12\\\/03\\\/laubaktion-im-dezember\\\/\"},\"author\":{\"name\":\"Detlef\",\"@id\":\"https:\\\/\\\/dtk-dortmund.de\\\/#\\\/schema\\\/person\\\/f919a6898726f752adb68ae6c9ec9831\"},\"headline\":\"Laubaktion im Dezember\",\"datePublished\":\"2022-12-03T14:45:00+00:00\",\"dateModified\":\"2023-01-04T14:48:38+00:00\",\"mainEntityOfPage\":{\"@id\":\"https:\\\/\\\/dtk-dortmund.de\\\/index.php\\\/2022\\\/12\\\/03\\\/laubaktion-im-dezember\\\/\"},\"wordCount\":30,\"commentCount\":0,\"publisher\":{\"@id\":\"https:\\\/\\\/dtk-dortmund.de\\\/#organization\"},\"image\":{\"@id\":\"https:\\\/\\\/dtk-dortmund.de\\\/index.php\\\/2022\\\/12\\\/03\\\/laubaktion-im-dezember\\\/#primaryimage\"},\"thumbnailUrl\":\"https:\\\/\\\/dtk-dortmund.de\\\/wp-content\\\/uploads\\\/2023\\\/01\\\/DSC_5176web.jpg\",\"inLanguage\":\"de\",\"potentialAction\":[{\"@type\":\"CommentAction\",\"name\":\"Comment\",\"target\":[\"https:\\\/\\\/dtk-dortmund.de\\\/index.php\\\/2022\\\/12\\\/03\\\/laubaktion-im-dezember\\\/#respond\"]}]},{\"@type\":\"WebPage\",\"@id\":\"https:\\\/\\\/dtk-dortmund.de\\\/index.php\\\/2022\\\/12\\\/03\\\/laubaktion-im-dezember\\\/\",\"url\":\"https:\\\/\\\/dtk-dortmund.de\\\/index.php\\\/2022\\\/12\\\/03\\\/laubaktion-im-dezember\\\/\",\"name\":\"Laubaktion im Dezember - DTK Dortmund 1 e.V.\",\"isPartOf\":{\"@id\":\"https:\\\/\\\/dtk-dortmund.de\\\/#website\"},\"primaryImageOfPage\":{\"@id\":\"https:\\\/\\\/dtk-dortmund.de\\\/index.php\\\/2022\\\/12\\\/03\\\/laubaktion-im-dezember\\\/#primaryimage\"},\"image\":{\"@id\":\"https:\\\/\\\/dtk-dortmund.de\\\/index.php\\\/2022\\\/12\\\/03\\\/laubaktion-im-dezember\\\/#primaryimage\"},\"thumbnailUrl\":\"https:\\\/\\\/dtk-dortmund.de\\\/wp-content\\\/uploads\\\/2023\\\/01\\\/DSC_5176web.jpg\",\"datePublished\":\"2022-12-03T14:45:00+00:00\",\"dateModified\":\"2023-01-04T14:48:38+00:00\",\"breadcrumb\":{\"@id\":\"https:\\\/\\\/dtk-dortmund.de\\\/index.php\\\/2022\\\/12\\\/03\\\/laubaktion-im-dezember\\\/#breadcrumb\"},\"inLanguage\":\"de\",\"potentialAction\":[{\"@type\":\"ReadAction\",\"target\":[\"https:\\\/\\\/dtk-dortmund.de\\\/index.php\\\/2022\\\/12\\\/03\\\/laubaktion-im-dezember\\\/\"]}]},{\"@type\":\"ImageObject\",\"inLanguage\":\"de\",\"@id\":\"https:\\\/\\\/dtk-dortmund.de\\\/index.php\\\/2022\\\/12\\\/03\\\/laubaktion-im-dezember\\\/#primaryimage\",\"url\":\"https:\\\/\\\/dtk-dortmund.de\\\/wp-content\\\/uploads\\\/2023\\\/01\\\/DSC_5176web.jpg\",\"contentUrl\":\"https:\\\/\\\/dtk-dortmund.de\\\/wp-content\\\/uploads\\\/2023\\\/01\\\/DSC_5176web.jpg\",\"width\":1500,\"height\":1000},{\"@type\":\"BreadcrumbList\",\"@id\":\"https:\\\/\\\/dtk-dortmund.de\\\/index.php\\\/2022\\\/12\\\/03\\\/laubaktion-im-dezember\\\/#breadcrumb\",\"itemListElement\":[{\"@type\":\"ListItem\",\"position\":1,\"name\":\"Startseite\",\"item\":\"https:\\\/\\\/dtk-dortmund.de\\\/\"},{\"@type\":\"ListItem\",\"position\":2,\"name\":\"Laubaktion im Dezember\"}]},{\"@type\":\"WebSite\",\"@id\":\"https:\\\/\\\/dtk-dortmund.de\\\/#website\",\"url\":\"https:\\\/\\\/dtk-dortmund.de\\\/\",\"name\":\"DTK Dortmund 1 e.V.\",\"description\":\"Gruppe Dortmund 1 e.V. im Deutschen Teckelklub. Gegr\u00fcndet 1921.\",\"publisher\":{\"@id\":\"https:\\\/\\\/dtk-dortmund.de\\\/#organization\"},\"potentialAction\":[{\"@type\":\"SearchAction\",\"target\":{\"@type\":\"EntryPoint\",\"urlTemplate\":\"https:\\\/\\\/dtk-dortmund.de\\\/?s={search_term_string}\"},\"query-input\":{\"@type\":\"PropertyValueSpecification\",\"valueRequired\":true,\"valueName\":\"search_term_string\"}}],\"inLanguage\":\"de\"},{\"@type\":\"Organization\",\"@id\":\"https:\\\/\\\/dtk-dortmund.de\\\/#organization\",\"name\":\"DTK Dortmund 1 e.V.\",\"url\":\"https:\\\/\\\/dtk-dortmund.de\\\/\",\"logo\":{\"@type\":\"ImageObject\",\"inLanguage\":\"de\",\"@id\":\"https:\\\/\\\/dtk-dortmund.de\\\/#\\\/schema\\\/logo\\\/image\\\/\",\"url\":\"https:\\\/\\\/dtk-dortmund.de\\\/wp-content\\\/uploads\\\/2023\\\/07\\\/cropped-cropped-cropped-DTKDOSymbol_250-1.png\",\"contentUrl\":\"https:\\\/\\\/dtk-dortmund.de\\\/wp-content\\\/uploads\\\/2023\\\/07\\\/cropped-cropped-cropped-DTKDOSymbol_250-1.png\",\"width\":250,\"height\":250,\"caption\":\"DTK Dortmund 1 e.V.\"},\"image\":{\"@id\":\"https:\\\/\\\/dtk-dortmund.de\\\/#\\\/schema\\\/logo\\\/image\\\/\"}},{\"@type\":\"Person\",\"@id\":\"https:\\\/\\\/dtk-dortmund.de\\\/#\\\/schema\\\/person\\\/f919a6898726f752adb68ae6c9ec9831\",\"name\":\"Detlef\",\"image\":{\"@type\":\"ImageObject\",\"inLanguage\":\"de\",\"@id\":\"https:\\\/\\\/secure.gravatar.com\\\/avatar\\\/17a1551cff23f9dfd94729babaa933b421f595809038959a20ad90f1677e1467?s=96&d=mm&r=g\",\"url\":\"https:\\\/\\\/secure.gravatar.com\\\/avatar\\\/17a1551cff23f9dfd94729babaa933b421f595809038959a20ad90f1677e1467?s=96&d=mm&r=g\",\"contentUrl\":\"https:\\\/\\\/secure.gravatar.com\\\/avatar\\\/17a1551cff23f9dfd94729babaa933b421f595809038959a20ad90f1677e1467?s=96&d=mm&r=g\",\"caption\":\"Detlef\"},\"sameAs\":[\"https:\\\/\\\/dtk-dortmund.de\"],\"url\":\"https:\\\/\\\/dtk-dortmund.de\\\/index.php\\\/author\\\/maehrmann\\\/\"}]}<\/script>\n<!-- \/ Yoast SEO plugin. -->","yoast_head_json":{"title":"Laubaktion im Dezember - DTK Dortmund 1 e.V.","robots":{"index":"index","follow":"follow","max-snippet":"max-snippet:-1","max-image-preview":"max-image-preview:large","max-video-preview":"max-video-preview:-1"},"canonical":"https:\/\/dtk-dortmund.de\/index.php\/2022\/12\/03\/laubaktion-im-dezember\/","og_locale":"de_DE","og_type":"article","og_title":"Laubaktion im Dezember - DTK Dortmund 1 e.V.","og_description":"Nach kurzer Besprechung befreiten wir am 03. Dezember unser Vereinsgel\u00e4nde vom Herbstlaub. Fr\u00fchst\u00fcck haben wir nat\u00fcrlich nicht vergessen ;). Vielen Dank an die Helfer:innen!","og_url":"https:\/\/dtk-dortmund.de\/index.php\/2022\/12\/03\/laubaktion-im-dezember\/","og_site_name":"DTK Dortmund 1 e.V.","article_published_time":"2022-12-03T14:45:00+00:00","article_modified_time":"2023-01-04T14:48:38+00:00","og_image":[{"width":1500,"height":1000,"url":"https:\/\/dtk-dortmund.de\/wp-content\/uploads\/2023\/01\/DSC_5176web.jpg","type":"image\/jpeg"}],"author":"Detlef","twitter_card":"summary_large_image","twitter_misc":{"Verfasst von":"Detlef","Gesch\u00e4tzte Lesezeit":"3\u00a0Minuten"},"schema":{"@context":"https:\/\/schema.org","@graph":[{"@type":"Article","@id":"https:\/\/dtk-dortmund.de\/index.php\/2022\/12\/03\/laubaktion-im-dezember\/#article","isPartOf":{"@id":"https:\/\/dtk-dortmund.de\/index.php\/2022\/12\/03\/laubaktion-im-dezember\/"},"author":{"name":"Detlef","@id":"https:\/\/dtk-dortmund.de\/#\/schema\/person\/f919a6898726f752adb68ae6c9ec9831"},"headline":"Laubaktion im Dezember","datePublished":"2022-12-03T14:45:00+00:00","dateModified":"2023-01-04T14:48:38+00:00","mainEntityOfPage":{"@id":"https:\/\/dtk-dortmund.de\/index.php\/2022\/12\/03\/laubaktion-im-dezember\/"},"wordCount":30,"commentCount":0,"publisher":{"@id":"https:\/\/dtk-dortmund.de\/#organization"},"image":{"@id":"https:\/\/dtk-dortmund.de\/index.php\/2022\/12\/03\/laubaktion-im-dezember\/#primaryimage"},"thumbnailUrl":"https:\/\/dtk-dortmund.de\/wp-content\/uploads\/2023\/01\/DSC_5176web.jpg","inLanguage":"de","potentialAction":[{"@type":"CommentAction","name":"Comment","target":["https:\/\/dtk-dortmund.de\/index.php\/2022\/12\/03\/laubaktion-im-dezember\/#respond"]}]},{"@type":"WebPage","@id":"https:\/\/dtk-dortmund.de\/index.php\/2022\/12\/03\/laubaktion-im-dezember\/","url":"https:\/\/dtk-dortmund.de\/index.php\/2022\/12\/03\/laubaktion-im-dezember\/","name":"Laubaktion im Dezember - DTK Dortmund 1 e.V.","isPartOf":{"@id":"https:\/\/dtk-dortmund.de\/#website"},"primaryImageOfPage":{"@id":"https:\/\/dtk-dortmund.de\/index.php\/2022\/12\/03\/laubaktion-im-dezember\/#primaryimage"},"image":{"@id":"https:\/\/dtk-dortmund.de\/index.php\/2022\/12\/03\/laubaktion-im-dezember\/#primaryimage"},"thumbnailUrl":"https:\/\/dtk-dortmund.de\/wp-content\/uploads\/2023\/01\/DSC_5176web.jpg","datePublished":"2022-12-03T14:45:00+00:00","dateModified":"2023-01-04T14:48:38+00:00","breadcrumb":{"@id":"https:\/\/dtk-dortmund.de\/index.php\/2022\/12\/03\/laubaktion-im-dezember\/#breadcrumb"},"inLanguage":"de","potentialAction":[{"@type":"ReadAction","target":["https:\/\/dtk-dortmund.de\/index.php\/2022\/12\/03\/laubaktion-im-dezember\/"]}]},{"@type":"ImageObject","inLanguage":"de","@id":"https:\/\/dtk-dortmund.de\/index.php\/2022\/12\/03\/laubaktion-im-dezember\/#primaryimage","url":"https:\/\/dtk-dortmund.de\/wp-content\/uploads\/2023\/01\/DSC_5176web.jpg","contentUrl":"https:\/\/dtk-dortmund.de\/wp-content\/uploads\/2023\/01\/DSC_5176web.jpg","width":1500,"height":1000},{"@type":"BreadcrumbList","@id":"https:\/\/dtk-dortmund.de\/index.php\/2022\/12\/03\/laubaktion-im-dezember\/#breadcrumb","itemListElement":[{"@type":"ListItem","position":1,"name":"Startseite","item":"https:\/\/dtk-dortmund.de\/"},{"@type":"ListItem","position":2,"name":"Laubaktion im Dezember"}]},{"@type":"WebSite","@id":"https:\/\/dtk-dortmund.de\/#website","url":"https:\/\/dtk-dortmund.de\/","name":"DTK Dortmund 1 e.V.","description":"Gruppe Dortmund 1 e.V. im Deutschen Teckelklub. Gegr\u00fcndet 1921.","publisher":{"@id":"https:\/\/dtk-dortmund.de\/#organization"},"potentialAction":[{"@type":"SearchAction","target":{"@type":"EntryPoint","urlTemplate":"https:\/\/dtk-dortmund.de\/?s={search_term_string}"},"query-input":{"@type":"PropertyValueSpecification","valueRequired":true,"valueName":"search_term_string"}}],"inLanguage":"de"},{"@type":"Organization","@id":"https:\/\/dtk-dortmund.de\/#organization","name":"DTK Dortmund 1 e.V.","url":"https:\/\/dtk-dortmund.de\/","logo":{"@type":"ImageObject","inLanguage":"de","@id":"https:\/\/dtk-dortmund.de\/#\/schema\/logo\/image\/","url":"https:\/\/dtk-dortmund.de\/wp-content\/uploads\/2023\/07\/cropped-cropped-cropped-DTKDOSymbol_250-1.png","contentUrl":"https:\/\/dtk-dortmund.de\/wp-content\/uploads\/2023\/07\/cropped-cropped-cropped-DTKDOSymbol_250-1.png","width":250,"height":250,"caption":"DTK Dortmund 1 e.V."},"image":{"@id":"https:\/\/dtk-dortmund.de\/#\/schema\/logo\/image\/"}},{"@type":"Person","@id":"https:\/\/dtk-dortmund.de\/#\/schema\/person\/f919a6898726f752adb68ae6c9ec9831","name":"Detlef","image":{"@type":"ImageObject","inLanguage":"de","@id":"https:\/\/secure.gravatar.com\/avatar\/17a1551cff23f9dfd94729babaa933b421f595809038959a20ad90f1677e1467?s=96&d=mm&r=g","url":"https:\/\/secure.gravatar.com\/avatar\/17a1551cff23f9dfd94729babaa933b421f595809038959a20ad90f1677e1467?s=96&d=mm&r=g","contentUrl":"https:\/\/secure.gravatar.com\/avatar\/17a1551cff23f9dfd94729babaa933b421f595809038959a20ad90f1677e1467?s=96&d=mm&r=g","caption":"Detlef"},"sameAs":["https:\/\/dtk-dortmund.de"],"url":"https:\/\/dtk-dortmund.de\/index.php\/author\/maehrmann\/"}]}},"_links":{"self":[{"href":"https:\/\/dtk-dortmund.de\/index.php\/wp-json\/wp\/v2\/posts\/1479","targetHints":{"allow":["GET"]}}],"collection":[{"href":"https:\/\/dtk-dortmund.de\/index.php\/wp-json\/wp\/v2\/posts"}],"about":[{"href":"https:\/\/dtk-dortmund.de\/index.php\/wp-json\/wp\/v2\/types\/post"}],"author":[{"embeddable":true,"href":"https:\/\/dtk-dortmund.de\/index.php\/wp-json\/wp\/v2\/users\/1"}],"replies":[{"embeddable":true,"href":"https:\/\/dtk-dortmund.de\/index.php\/wp-json\/wp\/v2\/comments?post=1479"}],"version-history":[{"count":6,"href":"https:\/\/dtk-dortmund.de\/index.php\/wp-json\/wp\/v2\/posts\/1479\/revisions"}],"predecessor-version":[{"id":1506,"href":"https:\/\/dtk-dortmund.de\/index.php\/wp-json\/wp\/v2\/posts\/1479\/revisions\/1506"}],"wp:featuredmedia":[{"embeddable":true,"href":"https:\/\/dtk-dortmund.de\/index.php\/wp-json\/wp\/v2\/media\/1502"}],"wp:attachment":[{"href":"https:\/\/dtk-dortmund.de\/index.php\/wp-json\/wp\/v2\/media?parent=1479"}],"wp:term":[{"taxonomy":"category","embeddable":true,"href":"https:\/\/dtk-dortmund.de\/index.php\/wp-json\/wp\/v2\/categories?post=1479"},{"taxonomy":"post_tag","embeddable":true,"href":"https:\/\/dtk-dortmund.de\/index.php\/wp-json\/wp\/v2\/tags?post=1479"}],"curies":[{"name":"wp","href":"https:\/\/api.w.org\/{rel}","templated":true}]}}