{"id":174,"date":"2020-10-03T08:02:00","date_gmt":"2020-10-03T08:02:00","guid":{"rendered":"https:\/\/dtk-dortmund.de\/?p=174"},"modified":"2021-03-09T18:05:42","modified_gmt":"2021-03-09T18:05:42","slug":"herbstwandertag-am-03-10-2020","status":"publish","type":"post","link":"https:\/\/dtk-dortmund.de\/index.php\/2020\/10\/03\/herbstwandertag-am-03-10-2020\/","title":{"rendered":"Herbstwandertag am 03.10.2020"},"content":{"rendered":"\n<p>Wie jedes Jahr am Tag der Deutschen Einheit fand unser traditioneller Wandertag statt. Bei prima Herbstwetter trafen sich etliche Dortmunder Teckelfreunde gut gelaunt mit ihren Dackeln am Vereinsheim. Fr\u00f6hlich plaudernd und flott zu Fu\u00df \u2013 mit Corona bedingtem Abstand \u2013 f\u00fchrte der Wanderweg eine \u201eordentliche\u201c Runde durch die angrenzende Umgebung. Auf dem Weg guckten doch etliche Passanten neugierig, was da f\u00fcr ein Trupp unterwegs war. So eine Menge Dackel sorgt schon f\u00fcr Aufsehen und L\u00e4cheln im Gesicht der Betrachter. Bei Wiederankunft der Wanderer hatten liebe Helferinnen bereits Kaffee gekocht und etliche Reibekuchen\/Kartoffelpuffer gebacken. Was wurde dieser Service gesch\u00e4tzt und kr\u00e4ftig zugelangt!!! Denn wandern macht hungrig. Es war ein super Wandertag.<\/p>\n\n\n\n<figure class=\"wp-block-gallery columns-3 is-cropped wp-block-gallery-1 is-layout-flex wp-block-gallery-is-layout-flex\"><ul class=\"blocks-gallery-grid\"><li class=\"blocks-gallery-item\"><figure><a href=\"https:\/\/dtk-dortmund.de\/wp-content\/uploads\/2021\/03\/DM5_0434.jpg\"><img loading=\"lazy\" decoding=\"async\" width=\"1024\" height=\"682\" src=\"https:\/\/dtk-dortmund.de\/wp-content\/uploads\/2021\/03\/DM5_0434-1024x682.jpg\" alt=\"\" data-id=\"175\" data-full-url=\"https:\/\/dtk-dortmund.de\/wp-content\/uploads\/2021\/03\/DM5_0434.jpg\" data-link=\"https:\/\/dtk-dortmund.de\/?attachment_id=175\" class=\"wp-image-175\" srcset=\"https:\/\/dtk-dortmund.de\/wp-content\/uploads\/2021\/03\/DM5_0434-1024x682.jpg 1024w, https:\/\/dtk-dortmund.de\/wp-content\/uploads\/2021\/03\/DM5_0434-300x200.jpg 300w, https:\/\/dtk-dortmund.de\/wp-content\/uploads\/2021\/03\/DM5_0434-768x512.jpg 768w, https:\/\/dtk-dortmund.de\/wp-content\/uploads\/2021\/03\/DM5_0434.jpg 1280w\" sizes=\"auto, (max-width: 1024px) 100vw, 1024px\" \/><\/a><\/figure><\/li><li class=\"blocks-gallery-item\"><figure><a href=\"https:\/\/dtk-dortmund.de\/wp-content\/uploads\/2021\/03\/DM5_0436.jpg\"><img loading=\"lazy\" decoding=\"async\" width=\"1024\" height=\"576\" src=\"https:\/\/dtk-dortmund.de\/wp-content\/uploads\/2021\/03\/DM5_0436-1024x576.jpg\" alt=\"\" data-id=\"176\" data-full-url=\"https:\/\/dtk-dortmund.de\/wp-content\/uploads\/2021\/03\/DM5_0436.jpg\" data-link=\"https:\/\/dtk-dortmund.de\/?attachment_id=176\" class=\"wp-image-176\" srcset=\"https:\/\/dtk-dortmund.de\/wp-content\/uploads\/2021\/03\/DM5_0436-1024x576.jpg 1024w, https:\/\/dtk-dortmund.de\/wp-content\/uploads\/2021\/03\/DM5_0436-300x169.jpg 300w, https:\/\/dtk-dortmund.de\/wp-content\/uploads\/2021\/03\/DM5_0436-768x432.jpg 768w, https:\/\/dtk-dortmund.de\/wp-content\/uploads\/2021\/03\/DM5_0436-1110x624.jpg 1110w, https:\/\/dtk-dortmund.de\/wp-content\/uploads\/2021\/03\/DM5_0436-528x297.jpg 528w, https:\/\/dtk-dortmund.de\/wp-content\/uploads\/2021\/03\/DM5_0436.jpg 1280w\" sizes=\"auto, (max-width: 1024px) 100vw, 1024px\" \/><\/a><\/figure><\/li><li class=\"blocks-gallery-item\"><figure><a href=\"https:\/\/dtk-dortmund.de\/wp-content\/uploads\/2021\/03\/DM5_0455.jpg\"><img loading=\"lazy\" decoding=\"async\" width=\"1024\" height=\"576\" src=\"https:\/\/dtk-dortmund.de\/wp-content\/uploads\/2021\/03\/DM5_0455-1024x576.jpg\" alt=\"\" data-id=\"177\" data-full-url=\"https:\/\/dtk-dortmund.de\/wp-content\/uploads\/2021\/03\/DM5_0455.jpg\" data-link=\"https:\/\/dtk-dortmund.de\/?attachment_id=177\" class=\"wp-image-177\" srcset=\"https:\/\/dtk-dortmund.de\/wp-content\/uploads\/2021\/03\/DM5_0455-1024x576.jpg 1024w, https:\/\/dtk-dortmund.de\/wp-content\/uploads\/2021\/03\/DM5_0455-300x169.jpg 300w, https:\/\/dtk-dortmund.de\/wp-content\/uploads\/2021\/03\/DM5_0455-768x432.jpg 768w, https:\/\/dtk-dortmund.de\/wp-content\/uploads\/2021\/03\/DM5_0455-1110x624.jpg 1110w, https:\/\/dtk-dortmund.de\/wp-content\/uploads\/2021\/03\/DM5_0455-528x297.jpg 528w, https:\/\/dtk-dortmund.de\/wp-content\/uploads\/2021\/03\/DM5_0455.jpg 1280w\" sizes=\"auto, (max-width: 1024px) 100vw, 1024px\" \/><\/a><\/figure><\/li><li class=\"blocks-gallery-item\"><figure><a href=\"https:\/\/dtk-dortmund.de\/wp-content\/uploads\/2021\/03\/DM5_0460.jpg\"><img loading=\"lazy\" decoding=\"async\" width=\"1024\" height=\"683\" src=\"https:\/\/dtk-dortmund.de\/wp-content\/uploads\/2021\/03\/DM5_0460-1024x683.jpg\" alt=\"\" data-id=\"178\" data-full-url=\"https:\/\/dtk-dortmund.de\/wp-content\/uploads\/2021\/03\/DM5_0460.jpg\" data-link=\"https:\/\/dtk-dortmund.de\/?attachment_id=178\" class=\"wp-image-178\" srcset=\"https:\/\/dtk-dortmund.de\/wp-content\/uploads\/2021\/03\/DM5_0460-1024x683.jpg 1024w, https:\/\/dtk-dortmund.de\/wp-content\/uploads\/2021\/03\/DM5_0460-300x200.jpg 300w, https:\/\/dtk-dortmund.de\/wp-content\/uploads\/2021\/03\/DM5_0460-768x512.jpg 768w, https:\/\/dtk-dortmund.de\/wp-content\/uploads\/2021\/03\/DM5_0460.jpg 1280w\" sizes=\"auto, (max-width: 1024px) 100vw, 1024px\" \/><\/a><\/figure><\/li><li class=\"blocks-gallery-item\"><figure><a href=\"https:\/\/dtk-dortmund.de\/wp-content\/uploads\/2021\/03\/DM5_0463.jpg\"><img loading=\"lazy\" decoding=\"async\" width=\"1024\" height=\"682\" src=\"https:\/\/dtk-dortmund.de\/wp-content\/uploads\/2021\/03\/DM5_0463-1024x682.jpg\" alt=\"\" data-id=\"179\" data-full-url=\"https:\/\/dtk-dortmund.de\/wp-content\/uploads\/2021\/03\/DM5_0463.jpg\" data-link=\"https:\/\/dtk-dortmund.de\/?attachment_id=179\" class=\"wp-image-179\" srcset=\"https:\/\/dtk-dortmund.de\/wp-content\/uploads\/2021\/03\/DM5_0463-1024x682.jpg 1024w, https:\/\/dtk-dortmund.de\/wp-content\/uploads\/2021\/03\/DM5_0463-300x200.jpg 300w, https:\/\/dtk-dortmund.de\/wp-content\/uploads\/2021\/03\/DM5_0463-768x512.jpg 768w, https:\/\/dtk-dortmund.de\/wp-content\/uploads\/2021\/03\/DM5_0463.jpg 1280w\" sizes=\"auto, (max-width: 1024px) 100vw, 1024px\" \/><\/a><\/figure><\/li><li class=\"blocks-gallery-item\"><figure><a href=\"https:\/\/dtk-dortmund.de\/wp-content\/uploads\/2021\/03\/DM5_0474.jpg\"><img loading=\"lazy\" decoding=\"async\" width=\"1024\" height=\"1024\" src=\"https:\/\/dtk-dortmund.de\/wp-content\/uploads\/2021\/03\/DM5_0474-1024x1024.jpg\" alt=\"\" data-id=\"180\" data-full-url=\"https:\/\/dtk-dortmund.de\/wp-content\/uploads\/2021\/03\/DM5_0474.jpg\" data-link=\"https:\/\/dtk-dortmund.de\/?attachment_id=180\" class=\"wp-image-180\" srcset=\"https:\/\/dtk-dortmund.de\/wp-content\/uploads\/2021\/03\/DM5_0474.jpg 1024w, https:\/\/dtk-dortmund.de\/wp-content\/uploads\/2021\/03\/DM5_0474-300x300.jpg 300w, https:\/\/dtk-dortmund.de\/wp-content\/uploads\/2021\/03\/DM5_0474-150x150.jpg 150w, https:\/\/dtk-dortmund.de\/wp-content\/uploads\/2021\/03\/DM5_0474-768x768.jpg 768w, https:\/\/dtk-dortmund.de\/wp-content\/uploads\/2021\/03\/DM5_0474-510x510.jpg 510w\" sizes=\"auto, (max-width: 1024px) 100vw, 1024px\" \/><\/a><\/figure><\/li><li class=\"blocks-gallery-item\"><figure><a href=\"https:\/\/dtk-dortmund.de\/wp-content\/uploads\/2021\/03\/DM5_0486.jpg\"><img loading=\"lazy\" decoding=\"async\" width=\"1024\" height=\"576\" src=\"https:\/\/dtk-dortmund.de\/wp-content\/uploads\/2021\/03\/DM5_0486-1024x576.jpg\" alt=\"\" data-id=\"181\" data-full-url=\"https:\/\/dtk-dortmund.de\/wp-content\/uploads\/2021\/03\/DM5_0486.jpg\" data-link=\"https:\/\/dtk-dortmund.de\/?attachment_id=181\" class=\"wp-image-181\" srcset=\"https:\/\/dtk-dortmund.de\/wp-content\/uploads\/2021\/03\/DM5_0486-1024x576.jpg 1024w, https:\/\/dtk-dortmund.de\/wp-content\/uploads\/2021\/03\/DM5_0486-300x169.jpg 300w, https:\/\/dtk-dortmund.de\/wp-content\/uploads\/2021\/03\/DM5_0486-768x432.jpg 768w, https:\/\/dtk-dortmund.de\/wp-content\/uploads\/2021\/03\/DM5_0486-1110x624.jpg 1110w, https:\/\/dtk-dortmund.de\/wp-content\/uploads\/2021\/03\/DM5_0486-528x297.jpg 528w, https:\/\/dtk-dortmund.de\/wp-content\/uploads\/2021\/03\/DM5_0486.jpg 1280w\" sizes=\"auto, (max-width: 1024px) 100vw, 1024px\" \/><\/a><\/figure><\/li><li class=\"blocks-gallery-item\"><figure><a href=\"https:\/\/dtk-dortmund.de\/wp-content\/uploads\/2021\/03\/DM5_0492.jpg\"><img loading=\"lazy\" decoding=\"async\" width=\"1024\" height=\"1024\" src=\"https:\/\/dtk-dortmund.de\/wp-content\/uploads\/2021\/03\/DM5_0492-1024x1024.jpg\" alt=\"\" data-id=\"182\" data-full-url=\"https:\/\/dtk-dortmund.de\/wp-content\/uploads\/2021\/03\/DM5_0492.jpg\" data-link=\"https:\/\/dtk-dortmund.de\/?attachment_id=182\" class=\"wp-image-182\" srcset=\"https:\/\/dtk-dortmund.de\/wp-content\/uploads\/2021\/03\/DM5_0492.jpg 1024w, https:\/\/dtk-dortmund.de\/wp-content\/uploads\/2021\/03\/DM5_0492-300x300.jpg 300w, https:\/\/dtk-dortmund.de\/wp-content\/uploads\/2021\/03\/DM5_0492-150x150.jpg 150w, https:\/\/dtk-dortmund.de\/wp-content\/uploads\/2021\/03\/DM5_0492-768x768.jpg 768w, https:\/\/dtk-dortmund.de\/wp-content\/uploads\/2021\/03\/DM5_0492-510x510.jpg 510w\" sizes=\"auto, (max-width: 1024px) 100vw, 1024px\" \/><\/a><\/figure><\/li><li class=\"blocks-gallery-item\"><figure><a href=\"https:\/\/dtk-dortmund.de\/wp-content\/uploads\/2021\/03\/DM5_0496.jpg\"><img loading=\"lazy\" decoding=\"async\" width=\"1024\" height=\"576\" src=\"https:\/\/dtk-dortmund.de\/wp-content\/uploads\/2021\/03\/DM5_0496-1024x576.jpg\" alt=\"\" data-id=\"183\" data-full-url=\"https:\/\/dtk-dortmund.de\/wp-content\/uploads\/2021\/03\/DM5_0496.jpg\" data-link=\"https:\/\/dtk-dortmund.de\/?attachment_id=183\" class=\"wp-image-183\" srcset=\"https:\/\/dtk-dortmund.de\/wp-content\/uploads\/2021\/03\/DM5_0496-1024x576.jpg 1024w, https:\/\/dtk-dortmund.de\/wp-content\/uploads\/2021\/03\/DM5_0496-300x169.jpg 300w, https:\/\/dtk-dortmund.de\/wp-content\/uploads\/2021\/03\/DM5_0496-768x432.jpg 768w, https:\/\/dtk-dortmund.de\/wp-content\/uploads\/2021\/03\/DM5_0496-1110x624.jpg 1110w, https:\/\/dtk-dortmund.de\/wp-content\/uploads\/2021\/03\/DM5_0496-528x297.jpg 528w, https:\/\/dtk-dortmund.de\/wp-content\/uploads\/2021\/03\/DM5_0496.jpg 1280w\" sizes=\"auto, (max-width: 1024px) 100vw, 1024px\" \/><\/a><\/figure><\/li><li class=\"blocks-gallery-item\"><figure><a href=\"https:\/\/dtk-dortmund.de\/wp-content\/uploads\/2021\/03\/DM5_0505.jpg\"><img loading=\"lazy\" decoding=\"async\" width=\"1024\" height=\"576\" src=\"https:\/\/dtk-dortmund.de\/wp-content\/uploads\/2021\/03\/DM5_0505-1024x576.jpg\" alt=\"\" data-id=\"184\" data-full-url=\"https:\/\/dtk-dortmund.de\/wp-content\/uploads\/2021\/03\/DM5_0505.jpg\" data-link=\"https:\/\/dtk-dortmund.de\/?attachment_id=184\" class=\"wp-image-184\" srcset=\"https:\/\/dtk-dortmund.de\/wp-content\/uploads\/2021\/03\/DM5_0505-1024x576.jpg 1024w, https:\/\/dtk-dortmund.de\/wp-content\/uploads\/2021\/03\/DM5_0505-300x169.jpg 300w, https:\/\/dtk-dortmund.de\/wp-content\/uploads\/2021\/03\/DM5_0505-768x432.jpg 768w, https:\/\/dtk-dortmund.de\/wp-content\/uploads\/2021\/03\/DM5_0505-1110x624.jpg 1110w, https:\/\/dtk-dortmund.de\/wp-content\/uploads\/2021\/03\/DM5_0505-528x297.jpg 528w, https:\/\/dtk-dortmund.de\/wp-content\/uploads\/2021\/03\/DM5_0505.jpg 1280w\" sizes=\"auto, (max-width: 1024px) 100vw, 1024px\" \/><\/a><\/figure><\/li><li class=\"blocks-gallery-item\"><figure><a href=\"https:\/\/dtk-dortmund.de\/wp-content\/uploads\/2021\/03\/DM5_0518.jpg\"><img loading=\"lazy\" decoding=\"async\" width=\"1024\" height=\"576\" src=\"https:\/\/dtk-dortmund.de\/wp-content\/uploads\/2021\/03\/DM5_0518-1024x576.jpg\" alt=\"\" data-id=\"185\" data-full-url=\"https:\/\/dtk-dortmund.de\/wp-content\/uploads\/2021\/03\/DM5_0518.jpg\" data-link=\"https:\/\/dtk-dortmund.de\/?attachment_id=185\" class=\"wp-image-185\" srcset=\"https:\/\/dtk-dortmund.de\/wp-content\/uploads\/2021\/03\/DM5_0518-1024x576.jpg 1024w, https:\/\/dtk-dortmund.de\/wp-content\/uploads\/2021\/03\/DM5_0518-300x169.jpg 300w, https:\/\/dtk-dortmund.de\/wp-content\/uploads\/2021\/03\/DM5_0518-768x432.jpg 768w, https:\/\/dtk-dortmund.de\/wp-content\/uploads\/2021\/03\/DM5_0518-1110x624.jpg 1110w, https:\/\/dtk-dortmund.de\/wp-content\/uploads\/2021\/03\/DM5_0518-528x297.jpg 528w, https:\/\/dtk-dortmund.de\/wp-content\/uploads\/2021\/03\/DM5_0518.jpg 1280w\" sizes=\"auto, (max-width: 1024px) 100vw, 1024px\" \/><\/a><\/figure><\/li><li class=\"blocks-gallery-item\"><figure><a href=\"https:\/\/dtk-dortmund.de\/wp-content\/uploads\/2021\/03\/DM5_0545.jpg\"><img loading=\"lazy\" decoding=\"async\" width=\"1024\" height=\"576\" src=\"https:\/\/dtk-dortmund.de\/wp-content\/uploads\/2021\/03\/DM5_0545-1024x576.jpg\" alt=\"\" data-id=\"186\" data-full-url=\"https:\/\/dtk-dortmund.de\/wp-content\/uploads\/2021\/03\/DM5_0545.jpg\" data-link=\"https:\/\/dtk-dortmund.de\/?attachment_id=186\" class=\"wp-image-186\" srcset=\"https:\/\/dtk-dortmund.de\/wp-content\/uploads\/2021\/03\/DM5_0545-1024x576.jpg 1024w, https:\/\/dtk-dortmund.de\/wp-content\/uploads\/2021\/03\/DM5_0545-300x169.jpg 300w, https:\/\/dtk-dortmund.de\/wp-content\/uploads\/2021\/03\/DM5_0545-768x432.jpg 768w, https:\/\/dtk-dortmund.de\/wp-content\/uploads\/2021\/03\/DM5_0545-1110x624.jpg 1110w, https:\/\/dtk-dortmund.de\/wp-content\/uploads\/2021\/03\/DM5_0545-528x297.jpg 528w, https:\/\/dtk-dortmund.de\/wp-content\/uploads\/2021\/03\/DM5_0545.jpg 1280w\" sizes=\"auto, (max-width: 1024px) 100vw, 1024px\" \/><\/a><\/figure><\/li><li class=\"blocks-gallery-item\"><figure><a href=\"https:\/\/dtk-dortmund.de\/wp-content\/uploads\/2021\/03\/DM5_0547.jpg\"><img loading=\"lazy\" decoding=\"async\" width=\"1024\" height=\"682\" src=\"https:\/\/dtk-dortmund.de\/wp-content\/uploads\/2021\/03\/DM5_0547-1024x682.jpg\" alt=\"\" data-id=\"187\" data-full-url=\"https:\/\/dtk-dortmund.de\/wp-content\/uploads\/2021\/03\/DM5_0547.jpg\" data-link=\"https:\/\/dtk-dortmund.de\/?attachment_id=187\" class=\"wp-image-187\" srcset=\"https:\/\/dtk-dortmund.de\/wp-content\/uploads\/2021\/03\/DM5_0547-1024x682.jpg 1024w, https:\/\/dtk-dortmund.de\/wp-content\/uploads\/2021\/03\/DM5_0547-300x200.jpg 300w, https:\/\/dtk-dortmund.de\/wp-content\/uploads\/2021\/03\/DM5_0547-768x512.jpg 768w, https:\/\/dtk-dortmund.de\/wp-content\/uploads\/2021\/03\/DM5_0547.jpg 1280w\" sizes=\"auto, (max-width: 1024px) 100vw, 1024px\" \/><\/a><\/figure><\/li><li class=\"blocks-gallery-item\"><figure><a href=\"https:\/\/dtk-dortmund.de\/wp-content\/uploads\/2021\/03\/DM5_0568.jpg\"><img loading=\"lazy\" decoding=\"async\" width=\"1024\" height=\"682\" src=\"https:\/\/dtk-dortmund.de\/wp-content\/uploads\/2021\/03\/DM5_0568-1024x682.jpg\" alt=\"\" data-id=\"188\" data-full-url=\"https:\/\/dtk-dortmund.de\/wp-content\/uploads\/2021\/03\/DM5_0568.jpg\" data-link=\"https:\/\/dtk-dortmund.de\/?attachment_id=188\" class=\"wp-image-188\" srcset=\"https:\/\/dtk-dortmund.de\/wp-content\/uploads\/2021\/03\/DM5_0568-1024x682.jpg 1024w, https:\/\/dtk-dortmund.de\/wp-content\/uploads\/2021\/03\/DM5_0568-300x200.jpg 300w, https:\/\/dtk-dortmund.de\/wp-content\/uploads\/2021\/03\/DM5_0568-768x512.jpg 768w, https:\/\/dtk-dortmund.de\/wp-content\/uploads\/2021\/03\/DM5_0568.jpg 1280w\" sizes=\"auto, (max-width: 1024px) 100vw, 1024px\" \/><\/a><\/figure><\/li><li class=\"blocks-gallery-item\"><figure><a href=\"https:\/\/dtk-dortmund.de\/wp-content\/uploads\/2021\/03\/DM5_0576.jpg\"><img loading=\"lazy\" decoding=\"async\" width=\"1024\" height=\"386\" src=\"https:\/\/dtk-dortmund.de\/wp-content\/uploads\/2021\/03\/DM5_0576-1024x386.jpg\" alt=\"\" data-id=\"189\" data-full-url=\"https:\/\/dtk-dortmund.de\/wp-content\/uploads\/2021\/03\/DM5_0576.jpg\" data-link=\"https:\/\/dtk-dortmund.de\/?attachment_id=189\" class=\"wp-image-189\" srcset=\"https:\/\/dtk-dortmund.de\/wp-content\/uploads\/2021\/03\/DM5_0576-1024x386.jpg 1024w, https:\/\/dtk-dortmund.de\/wp-content\/uploads\/2021\/03\/DM5_0576-300x113.jpg 300w, https:\/\/dtk-dortmund.de\/wp-content\/uploads\/2021\/03\/DM5_0576-768x289.jpg 768w, https:\/\/dtk-dortmund.de\/wp-content\/uploads\/2021\/03\/DM5_0576.jpg 1280w\" sizes=\"auto, (max-width: 1024px) 100vw, 1024px\" \/><\/a><\/figure><\/li><li class=\"blocks-gallery-item\"><figure><a href=\"https:\/\/dtk-dortmund.de\/wp-content\/uploads\/2021\/03\/DM5_0586.jpg\"><img loading=\"lazy\" decoding=\"async\" width=\"1024\" height=\"682\" src=\"https:\/\/dtk-dortmund.de\/wp-content\/uploads\/2021\/03\/DM5_0586-1024x682.jpg\" alt=\"\" data-id=\"190\" data-full-url=\"https:\/\/dtk-dortmund.de\/wp-content\/uploads\/2021\/03\/DM5_0586.jpg\" data-link=\"https:\/\/dtk-dortmund.de\/?attachment_id=190\" class=\"wp-image-190\" srcset=\"https:\/\/dtk-dortmund.de\/wp-content\/uploads\/2021\/03\/DM5_0586-1024x682.jpg 1024w, https:\/\/dtk-dortmund.de\/wp-content\/uploads\/2021\/03\/DM5_0586-300x200.jpg 300w, https:\/\/dtk-dortmund.de\/wp-content\/uploads\/2021\/03\/DM5_0586-768x512.jpg 768w, https:\/\/dtk-dortmund.de\/wp-content\/uploads\/2021\/03\/DM5_0586.jpg 1280w\" sizes=\"auto, (max-width: 1024px) 100vw, 1024px\" \/><\/a><\/figure><\/li><\/ul><\/figure>\n","protected":false},"excerpt":{"rendered":"<p>Wie jedes Jahr am Tag der Deutschen Einheit fand unser traditioneller Wandertag statt. Bei prima Herbstwetter trafen sich etliche Dortmunder Teckelfreunde gut gelaunt mit ihren Dackeln am Vereinsheim. Fr\u00f6hlich plaudernd und flott zu Fu\u00df \u2013 mit Corona bedingtem Abstand \u2013 f\u00fchrte der Wanderweg eine \u201eordentliche\u201c Runde durch die angrenzende Umgebung. Auf dem Weg guckten doch [&hellip;]<\/p>\n","protected":false},"author":1,"featured_media":175,"comment_status":"open","ping_status":"closed","sticky":false,"template":"","format":"standard","meta":{"footnotes":""},"categories":[3],"tags":[],"class_list":{"0":"post-174","1":"post","2":"type-post","3":"status-publish","4":"format-standard","5":"has-post-thumbnail","7":"category-allgemein","8":"czr-hentry"},"yoast_head":"<!-- This site is optimized with the Yoast SEO plugin v27.4 - https:\/\/yoast.com\/product\/yoast-seo-wordpress\/ -->\n<title>Herbstwandertag am 03.10.2020 - DTK Dortmund 1 e.V.<\/title>\n<meta name=\"robots\" content=\"index, follow, max-snippet:-1, max-image-preview:large, max-video-preview:-1\" \/>\n<link rel=\"canonical\" href=\"https:\/\/dtk-dortmund.de\/index.php\/2020\/10\/03\/herbstwandertag-am-03-10-2020\/\" \/>\n<meta property=\"og:locale\" content=\"de_DE\" \/>\n<meta property=\"og:type\" content=\"article\" \/>\n<meta property=\"og:title\" content=\"Herbstwandertag am 03.10.2020 - DTK Dortmund 1 e.V.\" \/>\n<meta property=\"og:description\" content=\"Wie jedes Jahr am Tag der Deutschen Einheit fand unser traditioneller Wandertag statt. Bei prima Herbstwetter trafen sich etliche Dortmunder Teckelfreunde gut gelaunt mit ihren Dackeln am Vereinsheim. Fr\u00f6hlich plaudernd und flott zu Fu\u00df \u2013 mit Corona bedingtem Abstand \u2013 f\u00fchrte der Wanderweg eine \u201eordentliche\u201c Runde durch die angrenzende Umgebung. Auf dem Weg guckten doch [&hellip;]\" \/>\n<meta property=\"og:url\" content=\"https:\/\/dtk-dortmund.de\/index.php\/2020\/10\/03\/herbstwandertag-am-03-10-2020\/\" \/>\n<meta property=\"og:site_name\" content=\"DTK Dortmund 1 e.V.\" \/>\n<meta property=\"article:published_time\" content=\"2020-10-03T08:02:00+00:00\" \/>\n<meta property=\"article:modified_time\" content=\"2021-03-09T18:05:42+00:00\" \/>\n<meta property=\"og:image\" content=\"https:\/\/dtk-dortmund.de\/wp-content\/uploads\/2021\/03\/DM5_0434.jpg\" \/>\n\t<meta property=\"og:image:width\" content=\"1280\" \/>\n\t<meta property=\"og:image:height\" content=\"853\" \/>\n\t<meta property=\"og:image:type\" content=\"image\/jpeg\" \/>\n<meta name=\"author\" content=\"Detlef\" \/>\n<meta name=\"twitter:card\" content=\"summary_large_image\" \/>\n<meta name=\"twitter:label1\" content=\"Verfasst von\" \/>\n\t<meta name=\"twitter:data1\" content=\"Detlef\" \/>\n\t<meta name=\"twitter:label2\" content=\"Gesch\u00e4tzte Lesezeit\" \/>\n\t<meta name=\"twitter:data2\" content=\"4\u00a0Minuten\" \/>\n<script type=\"application\/ld+json\" class=\"yoast-schema-graph\">{\"@context\":\"https:\\\/\\\/schema.org\",\"@graph\":[{\"@type\":\"Article\",\"@id\":\"https:\\\/\\\/dtk-dortmund.de\\\/index.php\\\/2020\\\/10\\\/03\\\/herbstwandertag-am-03-10-2020\\\/#article\",\"isPartOf\":{\"@id\":\"https:\\\/\\\/dtk-dortmund.de\\\/index.php\\\/2020\\\/10\\\/03\\\/herbstwandertag-am-03-10-2020\\\/\"},\"author\":{\"name\":\"Detlef\",\"@id\":\"https:\\\/\\\/dtk-dortmund.de\\\/#\\\/schema\\\/person\\\/f919a6898726f752adb68ae6c9ec9831\"},\"headline\":\"Herbstwandertag am 03.10.2020\",\"datePublished\":\"2020-10-03T08:02:00+00:00\",\"dateModified\":\"2021-03-09T18:05:42+00:00\",\"mainEntityOfPage\":{\"@id\":\"https:\\\/\\\/dtk-dortmund.de\\\/index.php\\\/2020\\\/10\\\/03\\\/herbstwandertag-am-03-10-2020\\\/\"},\"wordCount\":118,\"commentCount\":0,\"publisher\":{\"@id\":\"https:\\\/\\\/dtk-dortmund.de\\\/#organization\"},\"image\":{\"@id\":\"https:\\\/\\\/dtk-dortmund.de\\\/index.php\\\/2020\\\/10\\\/03\\\/herbstwandertag-am-03-10-2020\\\/#primaryimage\"},\"thumbnailUrl\":\"https:\\\/\\\/dtk-dortmund.de\\\/wp-content\\\/uploads\\\/2021\\\/03\\\/DM5_0434.jpg\",\"inLanguage\":\"de\",\"potentialAction\":[{\"@type\":\"CommentAction\",\"name\":\"Comment\",\"target\":[\"https:\\\/\\\/dtk-dortmund.de\\\/index.php\\\/2020\\\/10\\\/03\\\/herbstwandertag-am-03-10-2020\\\/#respond\"]}]},{\"@type\":\"WebPage\",\"@id\":\"https:\\\/\\\/dtk-dortmund.de\\\/index.php\\\/2020\\\/10\\\/03\\\/herbstwandertag-am-03-10-2020\\\/\",\"url\":\"https:\\\/\\\/dtk-dortmund.de\\\/index.php\\\/2020\\\/10\\\/03\\\/herbstwandertag-am-03-10-2020\\\/\",\"name\":\"Herbstwandertag am 03.10.2020 - DTK Dortmund 1 e.V.\",\"isPartOf\":{\"@id\":\"https:\\\/\\\/dtk-dortmund.de\\\/#website\"},\"primaryImageOfPage\":{\"@id\":\"https:\\\/\\\/dtk-dortmund.de\\\/index.php\\\/2020\\\/10\\\/03\\\/herbstwandertag-am-03-10-2020\\\/#primaryimage\"},\"image\":{\"@id\":\"https:\\\/\\\/dtk-dortmund.de\\\/index.php\\\/2020\\\/10\\\/03\\\/herbstwandertag-am-03-10-2020\\\/#primaryimage\"},\"thumbnailUrl\":\"https:\\\/\\\/dtk-dortmund.de\\\/wp-content\\\/uploads\\\/2021\\\/03\\\/DM5_0434.jpg\",\"datePublished\":\"2020-10-03T08:02:00+00:00\",\"dateModified\":\"2021-03-09T18:05:42+00:00\",\"breadcrumb\":{\"@id\":\"https:\\\/\\\/dtk-dortmund.de\\\/index.php\\\/2020\\\/10\\\/03\\\/herbstwandertag-am-03-10-2020\\\/#breadcrumb\"},\"inLanguage\":\"de\",\"potentialAction\":[{\"@type\":\"ReadAction\",\"target\":[\"https:\\\/\\\/dtk-dortmund.de\\\/index.php\\\/2020\\\/10\\\/03\\\/herbstwandertag-am-03-10-2020\\\/\"]}]},{\"@type\":\"ImageObject\",\"inLanguage\":\"de\",\"@id\":\"https:\\\/\\\/dtk-dortmund.de\\\/index.php\\\/2020\\\/10\\\/03\\\/herbstwandertag-am-03-10-2020\\\/#primaryimage\",\"url\":\"https:\\\/\\\/dtk-dortmund.de\\\/wp-content\\\/uploads\\\/2021\\\/03\\\/DM5_0434.jpg\",\"contentUrl\":\"https:\\\/\\\/dtk-dortmund.de\\\/wp-content\\\/uploads\\\/2021\\\/03\\\/DM5_0434.jpg\",\"width\":1280,\"height\":853},{\"@type\":\"BreadcrumbList\",\"@id\":\"https:\\\/\\\/dtk-dortmund.de\\\/index.php\\\/2020\\\/10\\\/03\\\/herbstwandertag-am-03-10-2020\\\/#breadcrumb\",\"itemListElement\":[{\"@type\":\"ListItem\",\"position\":1,\"name\":\"Startseite\",\"item\":\"https:\\\/\\\/dtk-dortmund.de\\\/\"},{\"@type\":\"ListItem\",\"position\":2,\"name\":\"Herbstwandertag am 03.10.2020\"}]},{\"@type\":\"WebSite\",\"@id\":\"https:\\\/\\\/dtk-dortmund.de\\\/#website\",\"url\":\"https:\\\/\\\/dtk-dortmund.de\\\/\",\"name\":\"DTK Dortmund 1 e.V.\",\"description\":\"Gruppe Dortmund 1 e.V. im Deutschen Teckelklub. Gegr\u00fcndet 1921.\",\"publisher\":{\"@id\":\"https:\\\/\\\/dtk-dortmund.de\\\/#organization\"},\"potentialAction\":[{\"@type\":\"SearchAction\",\"target\":{\"@type\":\"EntryPoint\",\"urlTemplate\":\"https:\\\/\\\/dtk-dortmund.de\\\/?s={search_term_string}\"},\"query-input\":{\"@type\":\"PropertyValueSpecification\",\"valueRequired\":true,\"valueName\":\"search_term_string\"}}],\"inLanguage\":\"de\"},{\"@type\":\"Organization\",\"@id\":\"https:\\\/\\\/dtk-dortmund.de\\\/#organization\",\"name\":\"DTK Dortmund 1 e.V.\",\"url\":\"https:\\\/\\\/dtk-dortmund.de\\\/\",\"logo\":{\"@type\":\"ImageObject\",\"inLanguage\":\"de\",\"@id\":\"https:\\\/\\\/dtk-dortmund.de\\\/#\\\/schema\\\/logo\\\/image\\\/\",\"url\":\"https:\\\/\\\/dtk-dortmund.de\\\/wp-content\\\/uploads\\\/2023\\\/07\\\/cropped-cropped-cropped-DTKDOSymbol_250-1.png\",\"contentUrl\":\"https:\\\/\\\/dtk-dortmund.de\\\/wp-content\\\/uploads\\\/2023\\\/07\\\/cropped-cropped-cropped-DTKDOSymbol_250-1.png\",\"width\":250,\"height\":250,\"caption\":\"DTK Dortmund 1 e.V.\"},\"image\":{\"@id\":\"https:\\\/\\\/dtk-dortmund.de\\\/#\\\/schema\\\/logo\\\/image\\\/\"}},{\"@type\":\"Person\",\"@id\":\"https:\\\/\\\/dtk-dortmund.de\\\/#\\\/schema\\\/person\\\/f919a6898726f752adb68ae6c9ec9831\",\"name\":\"Detlef\",\"image\":{\"@type\":\"ImageObject\",\"inLanguage\":\"de\",\"@id\":\"https:\\\/\\\/secure.gravatar.com\\\/avatar\\\/17a1551cff23f9dfd94729babaa933b421f595809038959a20ad90f1677e1467?s=96&d=mm&r=g\",\"url\":\"https:\\\/\\\/secure.gravatar.com\\\/avatar\\\/17a1551cff23f9dfd94729babaa933b421f595809038959a20ad90f1677e1467?s=96&d=mm&r=g\",\"contentUrl\":\"https:\\\/\\\/secure.gravatar.com\\\/avatar\\\/17a1551cff23f9dfd94729babaa933b421f595809038959a20ad90f1677e1467?s=96&d=mm&r=g\",\"caption\":\"Detlef\"},\"sameAs\":[\"https:\\\/\\\/dtk-dortmund.de\"],\"url\":\"https:\\\/\\\/dtk-dortmund.de\\\/index.php\\\/author\\\/maehrmann\\\/\"}]}<\/script>\n<!-- \/ Yoast SEO plugin. -->","yoast_head_json":{"title":"Herbstwandertag am 03.10.2020 - DTK Dortmund 1 e.V.","robots":{"index":"index","follow":"follow","max-snippet":"max-snippet:-1","max-image-preview":"max-image-preview:large","max-video-preview":"max-video-preview:-1"},"canonical":"https:\/\/dtk-dortmund.de\/index.php\/2020\/10\/03\/herbstwandertag-am-03-10-2020\/","og_locale":"de_DE","og_type":"article","og_title":"Herbstwandertag am 03.10.2020 - DTK Dortmund 1 e.V.","og_description":"Wie jedes Jahr am Tag der Deutschen Einheit fand unser traditioneller Wandertag statt. Bei prima Herbstwetter trafen sich etliche Dortmunder Teckelfreunde gut gelaunt mit ihren Dackeln am Vereinsheim. Fr\u00f6hlich plaudernd und flott zu Fu\u00df \u2013 mit Corona bedingtem Abstand \u2013 f\u00fchrte der Wanderweg eine \u201eordentliche\u201c Runde durch die angrenzende Umgebung. Auf dem Weg guckten doch [&hellip;]","og_url":"https:\/\/dtk-dortmund.de\/index.php\/2020\/10\/03\/herbstwandertag-am-03-10-2020\/","og_site_name":"DTK Dortmund 1 e.V.","article_published_time":"2020-10-03T08:02:00+00:00","article_modified_time":"2021-03-09T18:05:42+00:00","og_image":[{"width":1280,"height":853,"url":"https:\/\/dtk-dortmund.de\/wp-content\/uploads\/2021\/03\/DM5_0434.jpg","type":"image\/jpeg"}],"author":"Detlef","twitter_card":"summary_large_image","twitter_misc":{"Verfasst von":"Detlef","Gesch\u00e4tzte Lesezeit":"4\u00a0Minuten"},"schema":{"@context":"https:\/\/schema.org","@graph":[{"@type":"Article","@id":"https:\/\/dtk-dortmund.de\/index.php\/2020\/10\/03\/herbstwandertag-am-03-10-2020\/#article","isPartOf":{"@id":"https:\/\/dtk-dortmund.de\/index.php\/2020\/10\/03\/herbstwandertag-am-03-10-2020\/"},"author":{"name":"Detlef","@id":"https:\/\/dtk-dortmund.de\/#\/schema\/person\/f919a6898726f752adb68ae6c9ec9831"},"headline":"Herbstwandertag am 03.10.2020","datePublished":"2020-10-03T08:02:00+00:00","dateModified":"2021-03-09T18:05:42+00:00","mainEntityOfPage":{"@id":"https:\/\/dtk-dortmund.de\/index.php\/2020\/10\/03\/herbstwandertag-am-03-10-2020\/"},"wordCount":118,"commentCount":0,"publisher":{"@id":"https:\/\/dtk-dortmund.de\/#organization"},"image":{"@id":"https:\/\/dtk-dortmund.de\/index.php\/2020\/10\/03\/herbstwandertag-am-03-10-2020\/#primaryimage"},"thumbnailUrl":"https:\/\/dtk-dortmund.de\/wp-content\/uploads\/2021\/03\/DM5_0434.jpg","inLanguage":"de","potentialAction":[{"@type":"CommentAction","name":"Comment","target":["https:\/\/dtk-dortmund.de\/index.php\/2020\/10\/03\/herbstwandertag-am-03-10-2020\/#respond"]}]},{"@type":"WebPage","@id":"https:\/\/dtk-dortmund.de\/index.php\/2020\/10\/03\/herbstwandertag-am-03-10-2020\/","url":"https:\/\/dtk-dortmund.de\/index.php\/2020\/10\/03\/herbstwandertag-am-03-10-2020\/","name":"Herbstwandertag am 03.10.2020 - DTK Dortmund 1 e.V.","isPartOf":{"@id":"https:\/\/dtk-dortmund.de\/#website"},"primaryImageOfPage":{"@id":"https:\/\/dtk-dortmund.de\/index.php\/2020\/10\/03\/herbstwandertag-am-03-10-2020\/#primaryimage"},"image":{"@id":"https:\/\/dtk-dortmund.de\/index.php\/2020\/10\/03\/herbstwandertag-am-03-10-2020\/#primaryimage"},"thumbnailUrl":"https:\/\/dtk-dortmund.de\/wp-content\/uploads\/2021\/03\/DM5_0434.jpg","datePublished":"2020-10-03T08:02:00+00:00","dateModified":"2021-03-09T18:05:42+00:00","breadcrumb":{"@id":"https:\/\/dtk-dortmund.de\/index.php\/2020\/10\/03\/herbstwandertag-am-03-10-2020\/#breadcrumb"},"inLanguage":"de","potentialAction":[{"@type":"ReadAction","target":["https:\/\/dtk-dortmund.de\/index.php\/2020\/10\/03\/herbstwandertag-am-03-10-2020\/"]}]},{"@type":"ImageObject","inLanguage":"de","@id":"https:\/\/dtk-dortmund.de\/index.php\/2020\/10\/03\/herbstwandertag-am-03-10-2020\/#primaryimage","url":"https:\/\/dtk-dortmund.de\/wp-content\/uploads\/2021\/03\/DM5_0434.jpg","contentUrl":"https:\/\/dtk-dortmund.de\/wp-content\/uploads\/2021\/03\/DM5_0434.jpg","width":1280,"height":853},{"@type":"BreadcrumbList","@id":"https:\/\/dtk-dortmund.de\/index.php\/2020\/10\/03\/herbstwandertag-am-03-10-2020\/#breadcrumb","itemListElement":[{"@type":"ListItem","position":1,"name":"Startseite","item":"https:\/\/dtk-dortmund.de\/"},{"@type":"ListItem","position":2,"name":"Herbstwandertag am 03.10.2020"}]},{"@type":"WebSite","@id":"https:\/\/dtk-dortmund.de\/#website","url":"https:\/\/dtk-dortmund.de\/","name":"DTK Dortmund 1 e.V.","description":"Gruppe Dortmund 1 e.V. im Deutschen Teckelklub. Gegr\u00fcndet 1921.","publisher":{"@id":"https:\/\/dtk-dortmund.de\/#organization"},"potentialAction":[{"@type":"SearchAction","target":{"@type":"EntryPoint","urlTemplate":"https:\/\/dtk-dortmund.de\/?s={search_term_string}"},"query-input":{"@type":"PropertyValueSpecification","valueRequired":true,"valueName":"search_term_string"}}],"inLanguage":"de"},{"@type":"Organization","@id":"https:\/\/dtk-dortmund.de\/#organization","name":"DTK Dortmund 1 e.V.","url":"https:\/\/dtk-dortmund.de\/","logo":{"@type":"ImageObject","inLanguage":"de","@id":"https:\/\/dtk-dortmund.de\/#\/schema\/logo\/image\/","url":"https:\/\/dtk-dortmund.de\/wp-content\/uploads\/2023\/07\/cropped-cropped-cropped-DTKDOSymbol_250-1.png","contentUrl":"https:\/\/dtk-dortmund.de\/wp-content\/uploads\/2023\/07\/cropped-cropped-cropped-DTKDOSymbol_250-1.png","width":250,"height":250,"caption":"DTK Dortmund 1 e.V."},"image":{"@id":"https:\/\/dtk-dortmund.de\/#\/schema\/logo\/image\/"}},{"@type":"Person","@id":"https:\/\/dtk-dortmund.de\/#\/schema\/person\/f919a6898726f752adb68ae6c9ec9831","name":"Detlef","image":{"@type":"ImageObject","inLanguage":"de","@id":"https:\/\/secure.gravatar.com\/avatar\/17a1551cff23f9dfd94729babaa933b421f595809038959a20ad90f1677e1467?s=96&d=mm&r=g","url":"https:\/\/secure.gravatar.com\/avatar\/17a1551cff23f9dfd94729babaa933b421f595809038959a20ad90f1677e1467?s=96&d=mm&r=g","contentUrl":"https:\/\/secure.gravatar.com\/avatar\/17a1551cff23f9dfd94729babaa933b421f595809038959a20ad90f1677e1467?s=96&d=mm&r=g","caption":"Detlef"},"sameAs":["https:\/\/dtk-dortmund.de"],"url":"https:\/\/dtk-dortmund.de\/index.php\/author\/maehrmann\/"}]}},"_links":{"self":[{"href":"https:\/\/dtk-dortmund.de\/index.php\/wp-json\/wp\/v2\/posts\/174","targetHints":{"allow":["GET"]}}],"collection":[{"href":"https:\/\/dtk-dortmund.de\/index.php\/wp-json\/wp\/v2\/posts"}],"about":[{"href":"https:\/\/dtk-dortmund.de\/index.php\/wp-json\/wp\/v2\/types\/post"}],"author":[{"embeddable":true,"href":"https:\/\/dtk-dortmund.de\/index.php\/wp-json\/wp\/v2\/users\/1"}],"replies":[{"embeddable":true,"href":"https:\/\/dtk-dortmund.de\/index.php\/wp-json\/wp\/v2\/comments?post=174"}],"version-history":[{"count":2,"href":"https:\/\/dtk-dortmund.de\/index.php\/wp-json\/wp\/v2\/posts\/174\/revisions"}],"predecessor-version":[{"id":192,"href":"https:\/\/dtk-dortmund.de\/index.php\/wp-json\/wp\/v2\/posts\/174\/revisions\/192"}],"wp:featuredmedia":[{"embeddable":true,"href":"https:\/\/dtk-dortmund.de\/index.php\/wp-json\/wp\/v2\/media\/175"}],"wp:attachment":[{"href":"https:\/\/dtk-dortmund.de\/index.php\/wp-json\/wp\/v2\/media?parent=174"}],"wp:term":[{"taxonomy":"category","embeddable":true,"href":"https:\/\/dtk-dortmund.de\/index.php\/wp-json\/wp\/v2\/categories?post=174"},{"taxonomy":"post_tag","embeddable":true,"href":"https:\/\/dtk-dortmund.de\/index.php\/wp-json\/wp\/v2\/tags?post=174"}],"curies":[{"name":"wp","href":"https:\/\/api.w.org\/{rel}","templated":true}]}}