{"id":664,"date":"2021-11-03T22:43:22","date_gmt":"2021-11-03T22:43:22","guid":{"rendered":"https:\/\/dtk-dortmund.de\/?p=664"},"modified":"2021-11-15T04:58:05","modified_gmt":"2021-11-15T04:58:05","slug":"wir-machen-die-teckelhuette-winterfest","status":"publish","type":"post","link":"https:\/\/dtk-dortmund.de\/index.php\/2021\/11\/03\/wir-machen-die-teckelhuette-winterfest\/","title":{"rendered":"Wir machen die Teckelh\u00fctte winterfest"},"content":{"rendered":"\n<p>Am 14. November 2021 ab 13 Uhr machen wir das Teckelgel\u00e4nde winterfest: Laub fegen, eventuell den einen oder anderen Baum f\u00e4llen, die Teckelh\u00fctte aufr\u00e4umen, und und und&#8230; Wir freuen uns auf eure Mithilfe. Ihr wisst ja: Viele H\u00e4nde, schnelles Ende \ud83d\ude09<\/p>\n\n\n\n<p>Geschafft! Das Teckelgel\u00e4nde ist laubfrei und auch von den vielen selbstgebackenen Kuchen sind nur noch Reste \u00fcbrig.<\/p>\n\n\n\n<p>Tolle Aktion, vielen Dank an alle Helfer!<\/p>\n\n\n\n<figure class=\"wp-block-gallery columns-2 is-cropped wp-block-gallery-1 is-layout-flex wp-block-gallery-is-layout-flex\"><ul class=\"blocks-gallery-grid\"><li class=\"blocks-gallery-item\"><figure><a href=\"https:\/\/dtk-dortmund.de\/wp-content\/uploads\/2021\/11\/DM5_2025.jpg\"><img loading=\"lazy\" decoding=\"async\" width=\"1024\" height=\"682\" src=\"https:\/\/dtk-dortmund.de\/wp-content\/uploads\/2021\/11\/DM5_2025-1024x682.jpg\" alt=\"\" data-id=\"697\" data-full-url=\"https:\/\/dtk-dortmund.de\/wp-content\/uploads\/2021\/11\/DM5_2025.jpg\" data-link=\"https:\/\/dtk-dortmund.de\/index.php\/2021\/11\/03\/wir-machen-die-teckelhuette-winterfest\/dm5_2025\/\" class=\"wp-image-697\" srcset=\"https:\/\/dtk-dortmund.de\/wp-content\/uploads\/2021\/11\/DM5_2025-1024x682.jpg 1024w, https:\/\/dtk-dortmund.de\/wp-content\/uploads\/2021\/11\/DM5_2025-300x200.jpg 300w, https:\/\/dtk-dortmund.de\/wp-content\/uploads\/2021\/11\/DM5_2025-768x512.jpg 768w, https:\/\/dtk-dortmund.de\/wp-content\/uploads\/2021\/11\/DM5_2025.jpg 1280w\" sizes=\"auto, (max-width: 1024px) 100vw, 1024px\" \/><\/a><\/figure><\/li><li class=\"blocks-gallery-item\"><figure><a href=\"https:\/\/dtk-dortmund.de\/wp-content\/uploads\/2021\/11\/DM5_2051.jpg\"><img loading=\"lazy\" decoding=\"async\" width=\"1024\" height=\"682\" src=\"https:\/\/dtk-dortmund.de\/wp-content\/uploads\/2021\/11\/DM5_2051-1024x682.jpg\" alt=\"\" data-id=\"698\" data-full-url=\"https:\/\/dtk-dortmund.de\/wp-content\/uploads\/2021\/11\/DM5_2051.jpg\" data-link=\"https:\/\/dtk-dortmund.de\/index.php\/2021\/11\/03\/wir-machen-die-teckelhuette-winterfest\/dm5_2051\/\" class=\"wp-image-698\" srcset=\"https:\/\/dtk-dortmund.de\/wp-content\/uploads\/2021\/11\/DM5_2051-1024x682.jpg 1024w, https:\/\/dtk-dortmund.de\/wp-content\/uploads\/2021\/11\/DM5_2051-300x200.jpg 300w, https:\/\/dtk-dortmund.de\/wp-content\/uploads\/2021\/11\/DM5_2051-768x512.jpg 768w, https:\/\/dtk-dortmund.de\/wp-content\/uploads\/2021\/11\/DM5_2051.jpg 1280w\" sizes=\"auto, (max-width: 1024px) 100vw, 1024px\" \/><\/a><\/figure><\/li><li class=\"blocks-gallery-item\"><figure><a href=\"https:\/\/dtk-dortmund.de\/wp-content\/uploads\/2021\/11\/DM5_2054.jpg\"><img loading=\"lazy\" decoding=\"async\" width=\"1024\" height=\"682\" src=\"https:\/\/dtk-dortmund.de\/wp-content\/uploads\/2021\/11\/DM5_2054-1024x682.jpg\" alt=\"\" data-id=\"699\" data-full-url=\"https:\/\/dtk-dortmund.de\/wp-content\/uploads\/2021\/11\/DM5_2054.jpg\" data-link=\"https:\/\/dtk-dortmund.de\/index.php\/2021\/11\/03\/wir-machen-die-teckelhuette-winterfest\/dm5_2054\/\" class=\"wp-image-699\" srcset=\"https:\/\/dtk-dortmund.de\/wp-content\/uploads\/2021\/11\/DM5_2054-1024x682.jpg 1024w, https:\/\/dtk-dortmund.de\/wp-content\/uploads\/2021\/11\/DM5_2054-300x200.jpg 300w, https:\/\/dtk-dortmund.de\/wp-content\/uploads\/2021\/11\/DM5_2054-768x512.jpg 768w, https:\/\/dtk-dortmund.de\/wp-content\/uploads\/2021\/11\/DM5_2054.jpg 1280w\" sizes=\"auto, (max-width: 1024px) 100vw, 1024px\" \/><\/a><\/figure><\/li><li class=\"blocks-gallery-item\"><figure><a href=\"https:\/\/dtk-dortmund.de\/wp-content\/uploads\/2021\/11\/DM5_2092.jpg\"><img loading=\"lazy\" decoding=\"async\" width=\"1024\" height=\"682\" src=\"https:\/\/dtk-dortmund.de\/wp-content\/uploads\/2021\/11\/DM5_2092-1024x682.jpg\" alt=\"\" data-id=\"702\" data-full-url=\"https:\/\/dtk-dortmund.de\/wp-content\/uploads\/2021\/11\/DM5_2092.jpg\" data-link=\"https:\/\/dtk-dortmund.de\/index.php\/2021\/11\/03\/wir-machen-die-teckelhuette-winterfest\/dm5_2092\/\" class=\"wp-image-702\" srcset=\"https:\/\/dtk-dortmund.de\/wp-content\/uploads\/2021\/11\/DM5_2092-1024x682.jpg 1024w, https:\/\/dtk-dortmund.de\/wp-content\/uploads\/2021\/11\/DM5_2092-300x200.jpg 300w, https:\/\/dtk-dortmund.de\/wp-content\/uploads\/2021\/11\/DM5_2092-768x512.jpg 768w, https:\/\/dtk-dortmund.de\/wp-content\/uploads\/2021\/11\/DM5_2092.jpg 1280w\" sizes=\"auto, (max-width: 1024px) 100vw, 1024px\" \/><\/a><figcaption class=\"blocks-gallery-item__caption\">Rechenzentrum<\/figcaption><\/figure><\/li><li class=\"blocks-gallery-item\"><figure><a href=\"https:\/\/dtk-dortmund.de\/wp-content\/uploads\/2021\/11\/DM5_2080.jpg\"><img loading=\"lazy\" decoding=\"async\" width=\"1024\" height=\"682\" src=\"https:\/\/dtk-dortmund.de\/wp-content\/uploads\/2021\/11\/DM5_2080-1024x682.jpg\" alt=\"\" data-id=\"700\" data-full-url=\"https:\/\/dtk-dortmund.de\/wp-content\/uploads\/2021\/11\/DM5_2080.jpg\" data-link=\"https:\/\/dtk-dortmund.de\/index.php\/2021\/11\/03\/wir-machen-die-teckelhuette-winterfest\/dm5_2080\/\" class=\"wp-image-700\" srcset=\"https:\/\/dtk-dortmund.de\/wp-content\/uploads\/2021\/11\/DM5_2080-1024x682.jpg 1024w, https:\/\/dtk-dortmund.de\/wp-content\/uploads\/2021\/11\/DM5_2080-300x200.jpg 300w, https:\/\/dtk-dortmund.de\/wp-content\/uploads\/2021\/11\/DM5_2080-768x512.jpg 768w, https:\/\/dtk-dortmund.de\/wp-content\/uploads\/2021\/11\/DM5_2080.jpg 1280w\" sizes=\"auto, (max-width: 1024px) 100vw, 1024px\" \/><\/a><\/figure><\/li><\/ul><\/figure>\n","protected":false},"excerpt":{"rendered":"<p>Am 14. November 2021 ab 13 Uhr machen wir das Teckelgel\u00e4nde winterfest: Laub fegen, eventuell den einen oder anderen Baum f\u00e4llen, die Teckelh\u00fctte aufr\u00e4umen, und und und&#8230; Wir freuen uns auf eure Mithilfe. Ihr wisst ja: Viele H\u00e4nde, schnelles Ende \ud83d\ude09 Geschafft! Das Teckelgel\u00e4nde ist laubfrei und auch von den vielen selbstgebackenen Kuchen sind nur [&hellip;]<\/p>\n","protected":false},"author":1,"featured_media":700,"comment_status":"open","ping_status":"closed","sticky":false,"template":"","format":"standard","meta":{"footnotes":""},"categories":[3],"tags":[],"class_list":{"0":"post-664","1":"post","2":"type-post","3":"status-publish","4":"format-standard","5":"has-post-thumbnail","7":"category-allgemein","8":"czr-hentry"},"yoast_head":"<!-- This site is optimized with the Yoast SEO plugin v27.4 - https:\/\/yoast.com\/product\/yoast-seo-wordpress\/ -->\n<title>Wir machen die Teckelh\u00fctte winterfest - DTK Dortmund 1 e.V.<\/title>\n<meta name=\"robots\" content=\"index, follow, max-snippet:-1, max-image-preview:large, max-video-preview:-1\" \/>\n<link rel=\"canonical\" href=\"https:\/\/dtk-dortmund.de\/index.php\/2021\/11\/03\/wir-machen-die-teckelhuette-winterfest\/\" \/>\n<meta property=\"og:locale\" content=\"de_DE\" \/>\n<meta property=\"og:type\" content=\"article\" \/>\n<meta property=\"og:title\" content=\"Wir machen die Teckelh\u00fctte winterfest - DTK Dortmund 1 e.V.\" \/>\n<meta property=\"og:description\" content=\"Am 14. November 2021 ab 13 Uhr machen wir das Teckelgel\u00e4nde winterfest: Laub fegen, eventuell den einen oder anderen Baum f\u00e4llen, die Teckelh\u00fctte aufr\u00e4umen, und und und&#8230; Wir freuen uns auf eure Mithilfe. Ihr wisst ja: Viele H\u00e4nde, schnelles Ende \ud83d\ude09 Geschafft! Das Teckelgel\u00e4nde ist laubfrei und auch von den vielen selbstgebackenen Kuchen sind nur [&hellip;]\" \/>\n<meta property=\"og:url\" content=\"https:\/\/dtk-dortmund.de\/index.php\/2021\/11\/03\/wir-machen-die-teckelhuette-winterfest\/\" \/>\n<meta property=\"og:site_name\" content=\"DTK Dortmund 1 e.V.\" \/>\n<meta property=\"article:published_time\" content=\"2021-11-03T22:43:22+00:00\" \/>\n<meta property=\"article:modified_time\" content=\"2021-11-15T04:58:05+00:00\" \/>\n<meta property=\"og:image\" content=\"https:\/\/dtk-dortmund.de\/wp-content\/uploads\/2021\/11\/DM5_2080.jpg\" \/>\n\t<meta property=\"og:image:width\" content=\"1280\" \/>\n\t<meta property=\"og:image:height\" content=\"853\" \/>\n\t<meta property=\"og:image:type\" content=\"image\/jpeg\" \/>\n<meta name=\"author\" content=\"Detlef\" \/>\n<meta name=\"twitter:card\" content=\"summary_large_image\" \/>\n<meta name=\"twitter:label1\" content=\"Verfasst von\" \/>\n\t<meta name=\"twitter:data1\" content=\"Detlef\" \/>\n\t<meta name=\"twitter:label2\" content=\"Gesch\u00e4tzte Lesezeit\" \/>\n\t<meta name=\"twitter:data2\" content=\"2\u00a0Minuten\" \/>\n<script type=\"application\/ld+json\" class=\"yoast-schema-graph\">{\"@context\":\"https:\\\/\\\/schema.org\",\"@graph\":[{\"@type\":\"Article\",\"@id\":\"https:\\\/\\\/dtk-dortmund.de\\\/index.php\\\/2021\\\/11\\\/03\\\/wir-machen-die-teckelhuette-winterfest\\\/#article\",\"isPartOf\":{\"@id\":\"https:\\\/\\\/dtk-dortmund.de\\\/index.php\\\/2021\\\/11\\\/03\\\/wir-machen-die-teckelhuette-winterfest\\\/\"},\"author\":{\"name\":\"Detlef\",\"@id\":\"https:\\\/\\\/dtk-dortmund.de\\\/#\\\/schema\\\/person\\\/f919a6898726f752adb68ae6c9ec9831\"},\"headline\":\"Wir machen die Teckelh\u00fctte winterfest\",\"datePublished\":\"2021-11-03T22:43:22+00:00\",\"dateModified\":\"2021-11-15T04:58:05+00:00\",\"mainEntityOfPage\":{\"@id\":\"https:\\\/\\\/dtk-dortmund.de\\\/index.php\\\/2021\\\/11\\\/03\\\/wir-machen-die-teckelhuette-winterfest\\\/\"},\"wordCount\":74,\"commentCount\":0,\"publisher\":{\"@id\":\"https:\\\/\\\/dtk-dortmund.de\\\/#organization\"},\"image\":{\"@id\":\"https:\\\/\\\/dtk-dortmund.de\\\/index.php\\\/2021\\\/11\\\/03\\\/wir-machen-die-teckelhuette-winterfest\\\/#primaryimage\"},\"thumbnailUrl\":\"https:\\\/\\\/dtk-dortmund.de\\\/wp-content\\\/uploads\\\/2021\\\/11\\\/DM5_2080.jpg\",\"inLanguage\":\"de\",\"potentialAction\":[{\"@type\":\"CommentAction\",\"name\":\"Comment\",\"target\":[\"https:\\\/\\\/dtk-dortmund.de\\\/index.php\\\/2021\\\/11\\\/03\\\/wir-machen-die-teckelhuette-winterfest\\\/#respond\"]}]},{\"@type\":\"WebPage\",\"@id\":\"https:\\\/\\\/dtk-dortmund.de\\\/index.php\\\/2021\\\/11\\\/03\\\/wir-machen-die-teckelhuette-winterfest\\\/\",\"url\":\"https:\\\/\\\/dtk-dortmund.de\\\/index.php\\\/2021\\\/11\\\/03\\\/wir-machen-die-teckelhuette-winterfest\\\/\",\"name\":\"Wir machen die Teckelh\u00fctte winterfest - DTK Dortmund 1 e.V.\",\"isPartOf\":{\"@id\":\"https:\\\/\\\/dtk-dortmund.de\\\/#website\"},\"primaryImageOfPage\":{\"@id\":\"https:\\\/\\\/dtk-dortmund.de\\\/index.php\\\/2021\\\/11\\\/03\\\/wir-machen-die-teckelhuette-winterfest\\\/#primaryimage\"},\"image\":{\"@id\":\"https:\\\/\\\/dtk-dortmund.de\\\/index.php\\\/2021\\\/11\\\/03\\\/wir-machen-die-teckelhuette-winterfest\\\/#primaryimage\"},\"thumbnailUrl\":\"https:\\\/\\\/dtk-dortmund.de\\\/wp-content\\\/uploads\\\/2021\\\/11\\\/DM5_2080.jpg\",\"datePublished\":\"2021-11-03T22:43:22+00:00\",\"dateModified\":\"2021-11-15T04:58:05+00:00\",\"breadcrumb\":{\"@id\":\"https:\\\/\\\/dtk-dortmund.de\\\/index.php\\\/2021\\\/11\\\/03\\\/wir-machen-die-teckelhuette-winterfest\\\/#breadcrumb\"},\"inLanguage\":\"de\",\"potentialAction\":[{\"@type\":\"ReadAction\",\"target\":[\"https:\\\/\\\/dtk-dortmund.de\\\/index.php\\\/2021\\\/11\\\/03\\\/wir-machen-die-teckelhuette-winterfest\\\/\"]}]},{\"@type\":\"ImageObject\",\"inLanguage\":\"de\",\"@id\":\"https:\\\/\\\/dtk-dortmund.de\\\/index.php\\\/2021\\\/11\\\/03\\\/wir-machen-die-teckelhuette-winterfest\\\/#primaryimage\",\"url\":\"https:\\\/\\\/dtk-dortmund.de\\\/wp-content\\\/uploads\\\/2021\\\/11\\\/DM5_2080.jpg\",\"contentUrl\":\"https:\\\/\\\/dtk-dortmund.de\\\/wp-content\\\/uploads\\\/2021\\\/11\\\/DM5_2080.jpg\",\"width\":1280,\"height\":853},{\"@type\":\"BreadcrumbList\",\"@id\":\"https:\\\/\\\/dtk-dortmund.de\\\/index.php\\\/2021\\\/11\\\/03\\\/wir-machen-die-teckelhuette-winterfest\\\/#breadcrumb\",\"itemListElement\":[{\"@type\":\"ListItem\",\"position\":1,\"name\":\"Startseite\",\"item\":\"https:\\\/\\\/dtk-dortmund.de\\\/\"},{\"@type\":\"ListItem\",\"position\":2,\"name\":\"Wir machen die Teckelh\u00fctte winterfest\"}]},{\"@type\":\"WebSite\",\"@id\":\"https:\\\/\\\/dtk-dortmund.de\\\/#website\",\"url\":\"https:\\\/\\\/dtk-dortmund.de\\\/\",\"name\":\"DTK Dortmund 1 e.V.\",\"description\":\"Gruppe Dortmund 1 e.V. im Deutschen Teckelklub. Gegr\u00fcndet 1921.\",\"publisher\":{\"@id\":\"https:\\\/\\\/dtk-dortmund.de\\\/#organization\"},\"potentialAction\":[{\"@type\":\"SearchAction\",\"target\":{\"@type\":\"EntryPoint\",\"urlTemplate\":\"https:\\\/\\\/dtk-dortmund.de\\\/?s={search_term_string}\"},\"query-input\":{\"@type\":\"PropertyValueSpecification\",\"valueRequired\":true,\"valueName\":\"search_term_string\"}}],\"inLanguage\":\"de\"},{\"@type\":\"Organization\",\"@id\":\"https:\\\/\\\/dtk-dortmund.de\\\/#organization\",\"name\":\"DTK Dortmund 1 e.V.\",\"url\":\"https:\\\/\\\/dtk-dortmund.de\\\/\",\"logo\":{\"@type\":\"ImageObject\",\"inLanguage\":\"de\",\"@id\":\"https:\\\/\\\/dtk-dortmund.de\\\/#\\\/schema\\\/logo\\\/image\\\/\",\"url\":\"https:\\\/\\\/dtk-dortmund.de\\\/wp-content\\\/uploads\\\/2023\\\/07\\\/cropped-cropped-cropped-DTKDOSymbol_250-1.png\",\"contentUrl\":\"https:\\\/\\\/dtk-dortmund.de\\\/wp-content\\\/uploads\\\/2023\\\/07\\\/cropped-cropped-cropped-DTKDOSymbol_250-1.png\",\"width\":250,\"height\":250,\"caption\":\"DTK Dortmund 1 e.V.\"},\"image\":{\"@id\":\"https:\\\/\\\/dtk-dortmund.de\\\/#\\\/schema\\\/logo\\\/image\\\/\"}},{\"@type\":\"Person\",\"@id\":\"https:\\\/\\\/dtk-dortmund.de\\\/#\\\/schema\\\/person\\\/f919a6898726f752adb68ae6c9ec9831\",\"name\":\"Detlef\",\"image\":{\"@type\":\"ImageObject\",\"inLanguage\":\"de\",\"@id\":\"https:\\\/\\\/secure.gravatar.com\\\/avatar\\\/17a1551cff23f9dfd94729babaa933b421f595809038959a20ad90f1677e1467?s=96&d=mm&r=g\",\"url\":\"https:\\\/\\\/secure.gravatar.com\\\/avatar\\\/17a1551cff23f9dfd94729babaa933b421f595809038959a20ad90f1677e1467?s=96&d=mm&r=g\",\"contentUrl\":\"https:\\\/\\\/secure.gravatar.com\\\/avatar\\\/17a1551cff23f9dfd94729babaa933b421f595809038959a20ad90f1677e1467?s=96&d=mm&r=g\",\"caption\":\"Detlef\"},\"sameAs\":[\"https:\\\/\\\/dtk-dortmund.de\"],\"url\":\"https:\\\/\\\/dtk-dortmund.de\\\/index.php\\\/author\\\/maehrmann\\\/\"}]}<\/script>\n<!-- \/ Yoast SEO plugin. -->","yoast_head_json":{"title":"Wir machen die Teckelh\u00fctte winterfest - DTK Dortmund 1 e.V.","robots":{"index":"index","follow":"follow","max-snippet":"max-snippet:-1","max-image-preview":"max-image-preview:large","max-video-preview":"max-video-preview:-1"},"canonical":"https:\/\/dtk-dortmund.de\/index.php\/2021\/11\/03\/wir-machen-die-teckelhuette-winterfest\/","og_locale":"de_DE","og_type":"article","og_title":"Wir machen die Teckelh\u00fctte winterfest - DTK Dortmund 1 e.V.","og_description":"Am 14. November 2021 ab 13 Uhr machen wir das Teckelgel\u00e4nde winterfest: Laub fegen, eventuell den einen oder anderen Baum f\u00e4llen, die Teckelh\u00fctte aufr\u00e4umen, und und und&#8230; Wir freuen uns auf eure Mithilfe. Ihr wisst ja: Viele H\u00e4nde, schnelles Ende \ud83d\ude09 Geschafft! Das Teckelgel\u00e4nde ist laubfrei und auch von den vielen selbstgebackenen Kuchen sind nur [&hellip;]","og_url":"https:\/\/dtk-dortmund.de\/index.php\/2021\/11\/03\/wir-machen-die-teckelhuette-winterfest\/","og_site_name":"DTK Dortmund 1 e.V.","article_published_time":"2021-11-03T22:43:22+00:00","article_modified_time":"2021-11-15T04:58:05+00:00","og_image":[{"width":1280,"height":853,"url":"https:\/\/dtk-dortmund.de\/wp-content\/uploads\/2021\/11\/DM5_2080.jpg","type":"image\/jpeg"}],"author":"Detlef","twitter_card":"summary_large_image","twitter_misc":{"Verfasst von":"Detlef","Gesch\u00e4tzte Lesezeit":"2\u00a0Minuten"},"schema":{"@context":"https:\/\/schema.org","@graph":[{"@type":"Article","@id":"https:\/\/dtk-dortmund.de\/index.php\/2021\/11\/03\/wir-machen-die-teckelhuette-winterfest\/#article","isPartOf":{"@id":"https:\/\/dtk-dortmund.de\/index.php\/2021\/11\/03\/wir-machen-die-teckelhuette-winterfest\/"},"author":{"name":"Detlef","@id":"https:\/\/dtk-dortmund.de\/#\/schema\/person\/f919a6898726f752adb68ae6c9ec9831"},"headline":"Wir machen die Teckelh\u00fctte winterfest","datePublished":"2021-11-03T22:43:22+00:00","dateModified":"2021-11-15T04:58:05+00:00","mainEntityOfPage":{"@id":"https:\/\/dtk-dortmund.de\/index.php\/2021\/11\/03\/wir-machen-die-teckelhuette-winterfest\/"},"wordCount":74,"commentCount":0,"publisher":{"@id":"https:\/\/dtk-dortmund.de\/#organization"},"image":{"@id":"https:\/\/dtk-dortmund.de\/index.php\/2021\/11\/03\/wir-machen-die-teckelhuette-winterfest\/#primaryimage"},"thumbnailUrl":"https:\/\/dtk-dortmund.de\/wp-content\/uploads\/2021\/11\/DM5_2080.jpg","inLanguage":"de","potentialAction":[{"@type":"CommentAction","name":"Comment","target":["https:\/\/dtk-dortmund.de\/index.php\/2021\/11\/03\/wir-machen-die-teckelhuette-winterfest\/#respond"]}]},{"@type":"WebPage","@id":"https:\/\/dtk-dortmund.de\/index.php\/2021\/11\/03\/wir-machen-die-teckelhuette-winterfest\/","url":"https:\/\/dtk-dortmund.de\/index.php\/2021\/11\/03\/wir-machen-die-teckelhuette-winterfest\/","name":"Wir machen die Teckelh\u00fctte winterfest - DTK Dortmund 1 e.V.","isPartOf":{"@id":"https:\/\/dtk-dortmund.de\/#website"},"primaryImageOfPage":{"@id":"https:\/\/dtk-dortmund.de\/index.php\/2021\/11\/03\/wir-machen-die-teckelhuette-winterfest\/#primaryimage"},"image":{"@id":"https:\/\/dtk-dortmund.de\/index.php\/2021\/11\/03\/wir-machen-die-teckelhuette-winterfest\/#primaryimage"},"thumbnailUrl":"https:\/\/dtk-dortmund.de\/wp-content\/uploads\/2021\/11\/DM5_2080.jpg","datePublished":"2021-11-03T22:43:22+00:00","dateModified":"2021-11-15T04:58:05+00:00","breadcrumb":{"@id":"https:\/\/dtk-dortmund.de\/index.php\/2021\/11\/03\/wir-machen-die-teckelhuette-winterfest\/#breadcrumb"},"inLanguage":"de","potentialAction":[{"@type":"ReadAction","target":["https:\/\/dtk-dortmund.de\/index.php\/2021\/11\/03\/wir-machen-die-teckelhuette-winterfest\/"]}]},{"@type":"ImageObject","inLanguage":"de","@id":"https:\/\/dtk-dortmund.de\/index.php\/2021\/11\/03\/wir-machen-die-teckelhuette-winterfest\/#primaryimage","url":"https:\/\/dtk-dortmund.de\/wp-content\/uploads\/2021\/11\/DM5_2080.jpg","contentUrl":"https:\/\/dtk-dortmund.de\/wp-content\/uploads\/2021\/11\/DM5_2080.jpg","width":1280,"height":853},{"@type":"BreadcrumbList","@id":"https:\/\/dtk-dortmund.de\/index.php\/2021\/11\/03\/wir-machen-die-teckelhuette-winterfest\/#breadcrumb","itemListElement":[{"@type":"ListItem","position":1,"name":"Startseite","item":"https:\/\/dtk-dortmund.de\/"},{"@type":"ListItem","position":2,"name":"Wir machen die Teckelh\u00fctte winterfest"}]},{"@type":"WebSite","@id":"https:\/\/dtk-dortmund.de\/#website","url":"https:\/\/dtk-dortmund.de\/","name":"DTK Dortmund 1 e.V.","description":"Gruppe Dortmund 1 e.V. im Deutschen Teckelklub. Gegr\u00fcndet 1921.","publisher":{"@id":"https:\/\/dtk-dortmund.de\/#organization"},"potentialAction":[{"@type":"SearchAction","target":{"@type":"EntryPoint","urlTemplate":"https:\/\/dtk-dortmund.de\/?s={search_term_string}"},"query-input":{"@type":"PropertyValueSpecification","valueRequired":true,"valueName":"search_term_string"}}],"inLanguage":"de"},{"@type":"Organization","@id":"https:\/\/dtk-dortmund.de\/#organization","name":"DTK Dortmund 1 e.V.","url":"https:\/\/dtk-dortmund.de\/","logo":{"@type":"ImageObject","inLanguage":"de","@id":"https:\/\/dtk-dortmund.de\/#\/schema\/logo\/image\/","url":"https:\/\/dtk-dortmund.de\/wp-content\/uploads\/2023\/07\/cropped-cropped-cropped-DTKDOSymbol_250-1.png","contentUrl":"https:\/\/dtk-dortmund.de\/wp-content\/uploads\/2023\/07\/cropped-cropped-cropped-DTKDOSymbol_250-1.png","width":250,"height":250,"caption":"DTK Dortmund 1 e.V."},"image":{"@id":"https:\/\/dtk-dortmund.de\/#\/schema\/logo\/image\/"}},{"@type":"Person","@id":"https:\/\/dtk-dortmund.de\/#\/schema\/person\/f919a6898726f752adb68ae6c9ec9831","name":"Detlef","image":{"@type":"ImageObject","inLanguage":"de","@id":"https:\/\/secure.gravatar.com\/avatar\/17a1551cff23f9dfd94729babaa933b421f595809038959a20ad90f1677e1467?s=96&d=mm&r=g","url":"https:\/\/secure.gravatar.com\/avatar\/17a1551cff23f9dfd94729babaa933b421f595809038959a20ad90f1677e1467?s=96&d=mm&r=g","contentUrl":"https:\/\/secure.gravatar.com\/avatar\/17a1551cff23f9dfd94729babaa933b421f595809038959a20ad90f1677e1467?s=96&d=mm&r=g","caption":"Detlef"},"sameAs":["https:\/\/dtk-dortmund.de"],"url":"https:\/\/dtk-dortmund.de\/index.php\/author\/maehrmann\/"}]}},"_links":{"self":[{"href":"https:\/\/dtk-dortmund.de\/index.php\/wp-json\/wp\/v2\/posts\/664","targetHints":{"allow":["GET"]}}],"collection":[{"href":"https:\/\/dtk-dortmund.de\/index.php\/wp-json\/wp\/v2\/posts"}],"about":[{"href":"https:\/\/dtk-dortmund.de\/index.php\/wp-json\/wp\/v2\/types\/post"}],"author":[{"embeddable":true,"href":"https:\/\/dtk-dortmund.de\/index.php\/wp-json\/wp\/v2\/users\/1"}],"replies":[{"embeddable":true,"href":"https:\/\/dtk-dortmund.de\/index.php\/wp-json\/wp\/v2\/comments?post=664"}],"version-history":[{"count":5,"href":"https:\/\/dtk-dortmund.de\/index.php\/wp-json\/wp\/v2\/posts\/664\/revisions"}],"predecessor-version":[{"id":705,"href":"https:\/\/dtk-dortmund.de\/index.php\/wp-json\/wp\/v2\/posts\/664\/revisions\/705"}],"wp:featuredmedia":[{"embeddable":true,"href":"https:\/\/dtk-dortmund.de\/index.php\/wp-json\/wp\/v2\/media\/700"}],"wp:attachment":[{"href":"https:\/\/dtk-dortmund.de\/index.php\/wp-json\/wp\/v2\/media?parent=664"}],"wp:term":[{"taxonomy":"category","embeddable":true,"href":"https:\/\/dtk-dortmund.de\/index.php\/wp-json\/wp\/v2\/categories?post=664"},{"taxonomy":"post_tag","embeddable":true,"href":"https:\/\/dtk-dortmund.de\/index.php\/wp-json\/wp\/v2\/tags?post=664"}],"curies":[{"name":"wp","href":"https:\/\/api.w.org\/{rel}","templated":true}]}}