{"id":753,"date":"2022-01-29T22:28:33","date_gmt":"2022-01-29T22:28:33","guid":{"rendered":"https:\/\/dtk-dortmund.de\/?p=753"},"modified":"2022-02-01T10:32:49","modified_gmt":"2022-02-01T10:32:49","slug":"aufraeumaktion-im-januar","status":"publish","type":"post","link":"https:\/\/dtk-dortmund.de\/index.php\/2022\/01\/29\/aufraeumaktion-im-januar\/","title":{"rendered":"Aufr\u00e4umaktion im Januar"},"content":{"rendered":"\n<p>Bei unserer ersten Aufr\u00e4umaktion in diesem Jahr haben wir \u00c4ste und Zweige geh\u00e4ckselt, Laub gefegt und das Dach ges\u00e4ubert. Es war eine tolle Aktion mit schwerem Ger\u00e4t. Danach gab es zur St\u00e4rkung eine hervorragende Erbsensuppe und nicht nur wir, sondern auch unsere Teckel haben sich an diesem Samstag richtig ausgetobt.<\/p>\n\n\n\n<figure class=\"wp-block-gallery has-nested-images columns-3 wp-block-gallery-1 is-layout-flex wp-block-gallery-is-layout-flex\">\n<figure class=\"wp-block-image size-large\"><a href=\"https:\/\/dtk-dortmund.de\/wp-content\/uploads\/2022\/01\/DM5_0220.jpg\"><img loading=\"lazy\" decoding=\"async\" width=\"1280\" height=\"853\" data-id=\"756\" src=\"https:\/\/dtk-dortmund.de\/wp-content\/uploads\/2022\/01\/DM5_0220.jpg\" alt=\"\" class=\"wp-image-756\" srcset=\"https:\/\/dtk-dortmund.de\/wp-content\/uploads\/2022\/01\/DM5_0220.jpg 1280w, https:\/\/dtk-dortmund.de\/wp-content\/uploads\/2022\/01\/DM5_0220-300x200.jpg 300w, https:\/\/dtk-dortmund.de\/wp-content\/uploads\/2022\/01\/DM5_0220-1024x682.jpg 1024w, https:\/\/dtk-dortmund.de\/wp-content\/uploads\/2022\/01\/DM5_0220-768x512.jpg 768w\" sizes=\"auto, (max-width: 1280px) 100vw, 1280px\" \/><\/a><\/figure>\n\n\n\n<figure class=\"wp-block-image size-large\"><a href=\"https:\/\/dtk-dortmund.de\/wp-content\/uploads\/2022\/01\/DM5_0230.jpg\"><img loading=\"lazy\" decoding=\"async\" width=\"1280\" height=\"853\" data-id=\"757\" src=\"https:\/\/dtk-dortmund.de\/wp-content\/uploads\/2022\/01\/DM5_0230.jpg\" alt=\"\" class=\"wp-image-757\" srcset=\"https:\/\/dtk-dortmund.de\/wp-content\/uploads\/2022\/01\/DM5_0230.jpg 1280w, https:\/\/dtk-dortmund.de\/wp-content\/uploads\/2022\/01\/DM5_0230-300x200.jpg 300w, https:\/\/dtk-dortmund.de\/wp-content\/uploads\/2022\/01\/DM5_0230-1024x682.jpg 1024w, https:\/\/dtk-dortmund.de\/wp-content\/uploads\/2022\/01\/DM5_0230-768x512.jpg 768w\" sizes=\"auto, (max-width: 1280px) 100vw, 1280px\" \/><\/a><\/figure>\n\n\n\n<figure class=\"wp-block-image size-large\"><a href=\"https:\/\/dtk-dortmund.de\/wp-content\/uploads\/2022\/01\/DM5_0243.jpg\"><img loading=\"lazy\" decoding=\"async\" width=\"1280\" height=\"853\" data-id=\"758\" src=\"https:\/\/dtk-dortmund.de\/wp-content\/uploads\/2022\/01\/DM5_0243.jpg\" alt=\"\" class=\"wp-image-758\" srcset=\"https:\/\/dtk-dortmund.de\/wp-content\/uploads\/2022\/01\/DM5_0243.jpg 1280w, https:\/\/dtk-dortmund.de\/wp-content\/uploads\/2022\/01\/DM5_0243-300x200.jpg 300w, https:\/\/dtk-dortmund.de\/wp-content\/uploads\/2022\/01\/DM5_0243-1024x682.jpg 1024w, https:\/\/dtk-dortmund.de\/wp-content\/uploads\/2022\/01\/DM5_0243-768x512.jpg 768w\" sizes=\"auto, (max-width: 1280px) 100vw, 1280px\" \/><\/a><\/figure>\n\n\n\n<figure class=\"wp-block-image size-large\"><a href=\"https:\/\/dtk-dortmund.de\/wp-content\/uploads\/2022\/01\/1643493688641.jpg\"><img loading=\"lazy\" decoding=\"async\" width=\"1280\" height=\"853\" data-id=\"754\" src=\"https:\/\/dtk-dortmund.de\/wp-content\/uploads\/2022\/01\/1643493688641.jpg\" alt=\"\" class=\"wp-image-754\" srcset=\"https:\/\/dtk-dortmund.de\/wp-content\/uploads\/2022\/01\/1643493688641.jpg 1280w, https:\/\/dtk-dortmund.de\/wp-content\/uploads\/2022\/01\/1643493688641-300x200.jpg 300w, https:\/\/dtk-dortmund.de\/wp-content\/uploads\/2022\/01\/1643493688641-1024x682.jpg 1024w, https:\/\/dtk-dortmund.de\/wp-content\/uploads\/2022\/01\/1643493688641-768x512.jpg 768w\" sizes=\"auto, (max-width: 1280px) 100vw, 1280px\" \/><\/a><\/figure>\n\n\n\n<figure class=\"wp-block-image size-large\"><a href=\"https:\/\/dtk-dortmund.de\/wp-content\/uploads\/2022\/01\/DM5_0333.jpg\"><img loading=\"lazy\" decoding=\"async\" width=\"1500\" height=\"1000\" data-id=\"762\" src=\"https:\/\/dtk-dortmund.de\/wp-content\/uploads\/2022\/01\/DM5_0333.jpg\" alt=\"\" class=\"wp-image-762\" srcset=\"https:\/\/dtk-dortmund.de\/wp-content\/uploads\/2022\/01\/DM5_0333.jpg 1500w, https:\/\/dtk-dortmund.de\/wp-content\/uploads\/2022\/01\/DM5_0333-300x200.jpg 300w, https:\/\/dtk-dortmund.de\/wp-content\/uploads\/2022\/01\/DM5_0333-1024x683.jpg 1024w, https:\/\/dtk-dortmund.de\/wp-content\/uploads\/2022\/01\/DM5_0333-768x512.jpg 768w\" sizes=\"auto, (max-width: 1500px) 100vw, 1500px\" \/><\/a><\/figure>\n\n\n\n<figure class=\"wp-block-image size-large\"><a href=\"https:\/\/dtk-dortmund.de\/wp-content\/uploads\/2022\/01\/DM5_0325.jpg\"><img loading=\"lazy\" decoding=\"async\" width=\"1500\" height=\"1000\" data-id=\"761\" src=\"https:\/\/dtk-dortmund.de\/wp-content\/uploads\/2022\/01\/DM5_0325.jpg\" alt=\"\" class=\"wp-image-761\" srcset=\"https:\/\/dtk-dortmund.de\/wp-content\/uploads\/2022\/01\/DM5_0325.jpg 1500w, https:\/\/dtk-dortmund.de\/wp-content\/uploads\/2022\/01\/DM5_0325-300x200.jpg 300w, https:\/\/dtk-dortmund.de\/wp-content\/uploads\/2022\/01\/DM5_0325-1024x683.jpg 1024w, https:\/\/dtk-dortmund.de\/wp-content\/uploads\/2022\/01\/DM5_0325-768x512.jpg 768w\" sizes=\"auto, (max-width: 1500px) 100vw, 1500px\" \/><\/a><\/figure>\n\n\n\n<figure class=\"wp-block-image size-large\"><a href=\"https:\/\/dtk-dortmund.de\/wp-content\/uploads\/2022\/01\/DM5_0316.jpg\"><img loading=\"lazy\" decoding=\"async\" width=\"1500\" height=\"1000\" data-id=\"760\" src=\"https:\/\/dtk-dortmund.de\/wp-content\/uploads\/2022\/01\/DM5_0316.jpg\" alt=\"\" class=\"wp-image-760\" srcset=\"https:\/\/dtk-dortmund.de\/wp-content\/uploads\/2022\/01\/DM5_0316.jpg 1500w, https:\/\/dtk-dortmund.de\/wp-content\/uploads\/2022\/01\/DM5_0316-300x200.jpg 300w, https:\/\/dtk-dortmund.de\/wp-content\/uploads\/2022\/01\/DM5_0316-1024x683.jpg 1024w, https:\/\/dtk-dortmund.de\/wp-content\/uploads\/2022\/01\/DM5_0316-768x512.jpg 768w\" sizes=\"auto, (max-width: 1500px) 100vw, 1500px\" \/><\/a><\/figure>\n\n\n\n<figure class=\"wp-block-image size-large\"><a href=\"https:\/\/dtk-dortmund.de\/wp-content\/uploads\/2022\/01\/DM5_0291.jpg\"><img loading=\"lazy\" decoding=\"async\" width=\"1024\" height=\"683\" data-id=\"767\" src=\"https:\/\/dtk-dortmund.de\/wp-content\/uploads\/2022\/01\/DM5_0291-1024x683.jpg\" alt=\"\" class=\"wp-image-767\" srcset=\"https:\/\/dtk-dortmund.de\/wp-content\/uploads\/2022\/01\/DM5_0291-1024x683.jpg 1024w, https:\/\/dtk-dortmund.de\/wp-content\/uploads\/2022\/01\/DM5_0291-300x200.jpg 300w, https:\/\/dtk-dortmund.de\/wp-content\/uploads\/2022\/01\/DM5_0291-768x512.jpg 768w, https:\/\/dtk-dortmund.de\/wp-content\/uploads\/2022\/01\/DM5_0291.jpg 1500w\" sizes=\"auto, (max-width: 1024px) 100vw, 1024px\" \/><\/a><\/figure>\n\n\n\n<figure class=\"wp-block-image size-large\"><a href=\"https:\/\/dtk-dortmund.de\/wp-content\/uploads\/2022\/01\/DM5_0351.jpg\"><img loading=\"lazy\" decoding=\"async\" width=\"1024\" height=\"683\" data-id=\"765\" src=\"https:\/\/dtk-dortmund.de\/wp-content\/uploads\/2022\/01\/DM5_0351-1024x683.jpg\" alt=\"\" class=\"wp-image-765\" srcset=\"https:\/\/dtk-dortmund.de\/wp-content\/uploads\/2022\/01\/DM5_0351-1024x683.jpg 1024w, https:\/\/dtk-dortmund.de\/wp-content\/uploads\/2022\/01\/DM5_0351-300x200.jpg 300w, https:\/\/dtk-dortmund.de\/wp-content\/uploads\/2022\/01\/DM5_0351-768x512.jpg 768w, https:\/\/dtk-dortmund.de\/wp-content\/uploads\/2022\/01\/DM5_0351.jpg 1500w\" sizes=\"auto, (max-width: 1024px) 100vw, 1024px\" \/><\/a><\/figure>\n\n\n\n<figure class=\"wp-block-image size-large\"><a href=\"https:\/\/dtk-dortmund.de\/wp-content\/uploads\/2022\/01\/DM5_0272.jpg\"><img loading=\"lazy\" decoding=\"async\" width=\"854\" height=\"1280\" data-id=\"755\" src=\"https:\/\/dtk-dortmund.de\/wp-content\/uploads\/2022\/01\/DM5_0272.jpg\" alt=\"\" class=\"wp-image-755\" srcset=\"https:\/\/dtk-dortmund.de\/wp-content\/uploads\/2022\/01\/DM5_0272.jpg 854w, https:\/\/dtk-dortmund.de\/wp-content\/uploads\/2022\/01\/DM5_0272-200x300.jpg 200w, https:\/\/dtk-dortmund.de\/wp-content\/uploads\/2022\/01\/DM5_0272-683x1024.jpg 683w, https:\/\/dtk-dortmund.de\/wp-content\/uploads\/2022\/01\/DM5_0272-768x1151.jpg 768w\" sizes=\"auto, (max-width: 854px) 100vw, 854px\" \/><\/a><\/figure>\n\n\n\n<figure class=\"wp-block-image size-large\"><a href=\"https:\/\/dtk-dortmund.de\/wp-content\/uploads\/2022\/02\/f1b19ea8-e97c-4562-a25f-14e4d4de1969.jpg\"><img loading=\"lazy\" decoding=\"async\" width=\"1000\" height=\"1500\" data-id=\"788\" src=\"https:\/\/dtk-dortmund.de\/wp-content\/uploads\/2022\/02\/f1b19ea8-e97c-4562-a25f-14e4d4de1969.jpg\" alt=\"\" class=\"wp-image-788\" srcset=\"https:\/\/dtk-dortmund.de\/wp-content\/uploads\/2022\/02\/f1b19ea8-e97c-4562-a25f-14e4d4de1969.jpg 1000w, https:\/\/dtk-dortmund.de\/wp-content\/uploads\/2022\/02\/f1b19ea8-e97c-4562-a25f-14e4d4de1969-200x300.jpg 200w, https:\/\/dtk-dortmund.de\/wp-content\/uploads\/2022\/02\/f1b19ea8-e97c-4562-a25f-14e4d4de1969-683x1024.jpg 683w, https:\/\/dtk-dortmund.de\/wp-content\/uploads\/2022\/02\/f1b19ea8-e97c-4562-a25f-14e4d4de1969-768x1152.jpg 768w\" sizes=\"auto, (max-width: 1000px) 100vw, 1000px\" \/><\/a><\/figure>\n\n\n\n<figure class=\"wp-block-image size-large\"><a href=\"https:\/\/dtk-dortmund.de\/wp-content\/uploads\/2022\/01\/DM5_0342.jpg\"><img loading=\"lazy\" decoding=\"async\" width=\"853\" height=\"1280\" data-id=\"763\" src=\"https:\/\/dtk-dortmund.de\/wp-content\/uploads\/2022\/01\/DM5_0342.jpg\" alt=\"\" class=\"wp-image-763\" srcset=\"https:\/\/dtk-dortmund.de\/wp-content\/uploads\/2022\/01\/DM5_0342.jpg 853w, https:\/\/dtk-dortmund.de\/wp-content\/uploads\/2022\/01\/DM5_0342-200x300.jpg 200w, https:\/\/dtk-dortmund.de\/wp-content\/uploads\/2022\/01\/DM5_0342-682x1024.jpg 682w, https:\/\/dtk-dortmund.de\/wp-content\/uploads\/2022\/01\/DM5_0342-768x1152.jpg 768w\" sizes=\"auto, (max-width: 853px) 100vw, 853px\" \/><\/a><\/figure>\n\n\n\n<figure class=\"wp-block-image size-large\"><a href=\"https:\/\/dtk-dortmund.de\/wp-content\/uploads\/2022\/01\/DM5_0299.jpg\"><img loading=\"lazy\" decoding=\"async\" width=\"1280\" height=\"853\" data-id=\"759\" src=\"https:\/\/dtk-dortmund.de\/wp-content\/uploads\/2022\/01\/DM5_0299.jpg\" alt=\"\" class=\"wp-image-759\" srcset=\"https:\/\/dtk-dortmund.de\/wp-content\/uploads\/2022\/01\/DM5_0299.jpg 1280w, https:\/\/dtk-dortmund.de\/wp-content\/uploads\/2022\/01\/DM5_0299-300x200.jpg 300w, https:\/\/dtk-dortmund.de\/wp-content\/uploads\/2022\/01\/DM5_0299-1024x682.jpg 1024w, https:\/\/dtk-dortmund.de\/wp-content\/uploads\/2022\/01\/DM5_0299-768x512.jpg 768w\" sizes=\"auto, (max-width: 1280px) 100vw, 1280px\" \/><\/a><\/figure>\n\n\n\n<figure class=\"wp-block-image size-large\"><a href=\"https:\/\/dtk-dortmund.de\/wp-content\/uploads\/2022\/01\/DM5_0042.jpg\"><img loading=\"lazy\" decoding=\"async\" width=\"1024\" height=\"683\" data-id=\"781\" src=\"https:\/\/dtk-dortmund.de\/wp-content\/uploads\/2022\/01\/DM5_0042-1024x683.jpg\" alt=\"\" class=\"wp-image-781\" srcset=\"https:\/\/dtk-dortmund.de\/wp-content\/uploads\/2022\/01\/DM5_0042-1024x683.jpg 1024w, https:\/\/dtk-dortmund.de\/wp-content\/uploads\/2022\/01\/DM5_0042-300x200.jpg 300w, https:\/\/dtk-dortmund.de\/wp-content\/uploads\/2022\/01\/DM5_0042-768x512.jpg 768w, https:\/\/dtk-dortmund.de\/wp-content\/uploads\/2022\/01\/DM5_0042.jpg 1500w\" sizes=\"auto, (max-width: 1024px) 100vw, 1024px\" \/><\/a><\/figure>\n\n\n\n<figure class=\"wp-block-image size-large\"><a href=\"https:\/\/dtk-dortmund.de\/wp-content\/uploads\/2022\/01\/DM5_0094.jpg\"><img loading=\"lazy\" decoding=\"async\" width=\"1024\" height=\"683\" data-id=\"780\" src=\"https:\/\/dtk-dortmund.de\/wp-content\/uploads\/2022\/01\/DM5_0094-1024x683.jpg\" alt=\"\" class=\"wp-image-780\" srcset=\"https:\/\/dtk-dortmund.de\/wp-content\/uploads\/2022\/01\/DM5_0094-1024x683.jpg 1024w, https:\/\/dtk-dortmund.de\/wp-content\/uploads\/2022\/01\/DM5_0094-300x200.jpg 300w, https:\/\/dtk-dortmund.de\/wp-content\/uploads\/2022\/01\/DM5_0094-768x512.jpg 768w, https:\/\/dtk-dortmund.de\/wp-content\/uploads\/2022\/01\/DM5_0094.jpg 1500w\" sizes=\"auto, (max-width: 1024px) 100vw, 1024px\" \/><\/a><\/figure>\n\n\n\n<figure class=\"wp-block-image size-large\"><a href=\"https:\/\/dtk-dortmund.de\/wp-content\/uploads\/2022\/01\/DM5_0046.jpg\"><img loading=\"lazy\" decoding=\"async\" width=\"1024\" height=\"683\" data-id=\"782\" src=\"https:\/\/dtk-dortmund.de\/wp-content\/uploads\/2022\/01\/DM5_0046-1024x683.jpg\" alt=\"\" class=\"wp-image-782\" srcset=\"https:\/\/dtk-dortmund.de\/wp-content\/uploads\/2022\/01\/DM5_0046-1024x683.jpg 1024w, https:\/\/dtk-dortmund.de\/wp-content\/uploads\/2022\/01\/DM5_0046-300x200.jpg 300w, https:\/\/dtk-dortmund.de\/wp-content\/uploads\/2022\/01\/DM5_0046-768x512.jpg 768w, https:\/\/dtk-dortmund.de\/wp-content\/uploads\/2022\/01\/DM5_0046.jpg 1500w\" sizes=\"auto, (max-width: 1024px) 100vw, 1024px\" \/><\/a><\/figure>\n<\/figure>\n\n\n\n<p><\/p>\n","protected":false},"excerpt":{"rendered":"<p>Bei unserer ersten Aufr\u00e4umaktion in diesem Jahr haben wir \u00c4ste und Zweige geh\u00e4ckselt, Laub gefegt und das Dach ges\u00e4ubert. Es war eine tolle Aktion mit schwerem Ger\u00e4t. Danach gab es zur St\u00e4rkung eine hervorragende Erbsensuppe und nicht nur wir, sondern auch unsere Teckel haben sich an diesem Samstag richtig ausgetobt.<\/p>\n","protected":false},"author":1,"featured_media":770,"comment_status":"open","ping_status":"closed","sticky":false,"template":"","format":"standard","meta":{"footnotes":""},"categories":[3],"tags":[],"class_list":{"0":"post-753","1":"post","2":"type-post","3":"status-publish","4":"format-standard","5":"has-post-thumbnail","7":"category-allgemein","8":"czr-hentry"},"yoast_head":"<!-- This site is optimized with the Yoast SEO plugin v27.4 - https:\/\/yoast.com\/product\/yoast-seo-wordpress\/ -->\n<title>Aufr\u00e4umaktion im Januar - DTK Dortmund 1 e.V.<\/title>\n<meta name=\"robots\" content=\"index, follow, max-snippet:-1, max-image-preview:large, max-video-preview:-1\" \/>\n<link rel=\"canonical\" href=\"https:\/\/dtk-dortmund.de\/index.php\/2022\/01\/29\/aufraeumaktion-im-januar\/\" \/>\n<meta property=\"og:locale\" content=\"de_DE\" \/>\n<meta property=\"og:type\" content=\"article\" \/>\n<meta property=\"og:title\" content=\"Aufr\u00e4umaktion im Januar - DTK Dortmund 1 e.V.\" \/>\n<meta property=\"og:description\" content=\"Bei unserer ersten Aufr\u00e4umaktion in diesem Jahr haben wir \u00c4ste und Zweige geh\u00e4ckselt, Laub gefegt und das Dach ges\u00e4ubert. Es war eine tolle Aktion mit schwerem Ger\u00e4t. Danach gab es zur St\u00e4rkung eine hervorragende Erbsensuppe und nicht nur wir, sondern auch unsere Teckel haben sich an diesem Samstag richtig ausgetobt.\" \/>\n<meta property=\"og:url\" content=\"https:\/\/dtk-dortmund.de\/index.php\/2022\/01\/29\/aufraeumaktion-im-januar\/\" \/>\n<meta property=\"og:site_name\" content=\"DTK Dortmund 1 e.V.\" \/>\n<meta property=\"article:published_time\" content=\"2022-01-29T22:28:33+00:00\" \/>\n<meta property=\"article:modified_time\" content=\"2022-02-01T10:32:49+00:00\" \/>\n<meta property=\"og:image\" content=\"https:\/\/dtk-dortmund.de\/wp-content\/uploads\/2022\/01\/DM5_0234.jpg\" \/>\n\t<meta property=\"og:image:width\" content=\"1280\" \/>\n\t<meta property=\"og:image:height\" content=\"853\" \/>\n\t<meta property=\"og:image:type\" content=\"image\/jpeg\" \/>\n<meta name=\"author\" content=\"Detlef\" \/>\n<meta name=\"twitter:card\" content=\"summary_large_image\" \/>\n<meta name=\"twitter:label1\" content=\"Verfasst von\" \/>\n\t<meta name=\"twitter:data1\" content=\"Detlef\" \/>\n\t<meta name=\"twitter:label2\" content=\"Gesch\u00e4tzte Lesezeit\" \/>\n\t<meta name=\"twitter:data2\" content=\"4\u00a0Minuten\" \/>\n<script type=\"application\/ld+json\" class=\"yoast-schema-graph\">{\"@context\":\"https:\\\/\\\/schema.org\",\"@graph\":[{\"@type\":\"Article\",\"@id\":\"https:\\\/\\\/dtk-dortmund.de\\\/index.php\\\/2022\\\/01\\\/29\\\/aufraeumaktion-im-januar\\\/#article\",\"isPartOf\":{\"@id\":\"https:\\\/\\\/dtk-dortmund.de\\\/index.php\\\/2022\\\/01\\\/29\\\/aufraeumaktion-im-januar\\\/\"},\"author\":{\"name\":\"Detlef\",\"@id\":\"https:\\\/\\\/dtk-dortmund.de\\\/#\\\/schema\\\/person\\\/f919a6898726f752adb68ae6c9ec9831\"},\"headline\":\"Aufr\u00e4umaktion im Januar\",\"datePublished\":\"2022-01-29T22:28:33+00:00\",\"dateModified\":\"2022-02-01T10:32:49+00:00\",\"mainEntityOfPage\":{\"@id\":\"https:\\\/\\\/dtk-dortmund.de\\\/index.php\\\/2022\\\/01\\\/29\\\/aufraeumaktion-im-januar\\\/\"},\"wordCount\":59,\"commentCount\":0,\"publisher\":{\"@id\":\"https:\\\/\\\/dtk-dortmund.de\\\/#organization\"},\"image\":{\"@id\":\"https:\\\/\\\/dtk-dortmund.de\\\/index.php\\\/2022\\\/01\\\/29\\\/aufraeumaktion-im-januar\\\/#primaryimage\"},\"thumbnailUrl\":\"https:\\\/\\\/dtk-dortmund.de\\\/wp-content\\\/uploads\\\/2022\\\/01\\\/DM5_0234.jpg\",\"inLanguage\":\"de\",\"potentialAction\":[{\"@type\":\"CommentAction\",\"name\":\"Comment\",\"target\":[\"https:\\\/\\\/dtk-dortmund.de\\\/index.php\\\/2022\\\/01\\\/29\\\/aufraeumaktion-im-januar\\\/#respond\"]}]},{\"@type\":\"WebPage\",\"@id\":\"https:\\\/\\\/dtk-dortmund.de\\\/index.php\\\/2022\\\/01\\\/29\\\/aufraeumaktion-im-januar\\\/\",\"url\":\"https:\\\/\\\/dtk-dortmund.de\\\/index.php\\\/2022\\\/01\\\/29\\\/aufraeumaktion-im-januar\\\/\",\"name\":\"Aufr\u00e4umaktion im Januar - DTK Dortmund 1 e.V.\",\"isPartOf\":{\"@id\":\"https:\\\/\\\/dtk-dortmund.de\\\/#website\"},\"primaryImageOfPage\":{\"@id\":\"https:\\\/\\\/dtk-dortmund.de\\\/index.php\\\/2022\\\/01\\\/29\\\/aufraeumaktion-im-januar\\\/#primaryimage\"},\"image\":{\"@id\":\"https:\\\/\\\/dtk-dortmund.de\\\/index.php\\\/2022\\\/01\\\/29\\\/aufraeumaktion-im-januar\\\/#primaryimage\"},\"thumbnailUrl\":\"https:\\\/\\\/dtk-dortmund.de\\\/wp-content\\\/uploads\\\/2022\\\/01\\\/DM5_0234.jpg\",\"datePublished\":\"2022-01-29T22:28:33+00:00\",\"dateModified\":\"2022-02-01T10:32:49+00:00\",\"breadcrumb\":{\"@id\":\"https:\\\/\\\/dtk-dortmund.de\\\/index.php\\\/2022\\\/01\\\/29\\\/aufraeumaktion-im-januar\\\/#breadcrumb\"},\"inLanguage\":\"de\",\"potentialAction\":[{\"@type\":\"ReadAction\",\"target\":[\"https:\\\/\\\/dtk-dortmund.de\\\/index.php\\\/2022\\\/01\\\/29\\\/aufraeumaktion-im-januar\\\/\"]}]},{\"@type\":\"ImageObject\",\"inLanguage\":\"de\",\"@id\":\"https:\\\/\\\/dtk-dortmund.de\\\/index.php\\\/2022\\\/01\\\/29\\\/aufraeumaktion-im-januar\\\/#primaryimage\",\"url\":\"https:\\\/\\\/dtk-dortmund.de\\\/wp-content\\\/uploads\\\/2022\\\/01\\\/DM5_0234.jpg\",\"contentUrl\":\"https:\\\/\\\/dtk-dortmund.de\\\/wp-content\\\/uploads\\\/2022\\\/01\\\/DM5_0234.jpg\",\"width\":1280,\"height\":853},{\"@type\":\"BreadcrumbList\",\"@id\":\"https:\\\/\\\/dtk-dortmund.de\\\/index.php\\\/2022\\\/01\\\/29\\\/aufraeumaktion-im-januar\\\/#breadcrumb\",\"itemListElement\":[{\"@type\":\"ListItem\",\"position\":1,\"name\":\"Startseite\",\"item\":\"https:\\\/\\\/dtk-dortmund.de\\\/\"},{\"@type\":\"ListItem\",\"position\":2,\"name\":\"Aufr\u00e4umaktion im Januar\"}]},{\"@type\":\"WebSite\",\"@id\":\"https:\\\/\\\/dtk-dortmund.de\\\/#website\",\"url\":\"https:\\\/\\\/dtk-dortmund.de\\\/\",\"name\":\"DTK Dortmund 1 e.V.\",\"description\":\"Gruppe Dortmund 1 e.V. im Deutschen Teckelklub. Gegr\u00fcndet 1921.\",\"publisher\":{\"@id\":\"https:\\\/\\\/dtk-dortmund.de\\\/#organization\"},\"potentialAction\":[{\"@type\":\"SearchAction\",\"target\":{\"@type\":\"EntryPoint\",\"urlTemplate\":\"https:\\\/\\\/dtk-dortmund.de\\\/?s={search_term_string}\"},\"query-input\":{\"@type\":\"PropertyValueSpecification\",\"valueRequired\":true,\"valueName\":\"search_term_string\"}}],\"inLanguage\":\"de\"},{\"@type\":\"Organization\",\"@id\":\"https:\\\/\\\/dtk-dortmund.de\\\/#organization\",\"name\":\"DTK Dortmund 1 e.V.\",\"url\":\"https:\\\/\\\/dtk-dortmund.de\\\/\",\"logo\":{\"@type\":\"ImageObject\",\"inLanguage\":\"de\",\"@id\":\"https:\\\/\\\/dtk-dortmund.de\\\/#\\\/schema\\\/logo\\\/image\\\/\",\"url\":\"https:\\\/\\\/dtk-dortmund.de\\\/wp-content\\\/uploads\\\/2023\\\/07\\\/cropped-cropped-cropped-DTKDOSymbol_250-1.png\",\"contentUrl\":\"https:\\\/\\\/dtk-dortmund.de\\\/wp-content\\\/uploads\\\/2023\\\/07\\\/cropped-cropped-cropped-DTKDOSymbol_250-1.png\",\"width\":250,\"height\":250,\"caption\":\"DTK Dortmund 1 e.V.\"},\"image\":{\"@id\":\"https:\\\/\\\/dtk-dortmund.de\\\/#\\\/schema\\\/logo\\\/image\\\/\"}},{\"@type\":\"Person\",\"@id\":\"https:\\\/\\\/dtk-dortmund.de\\\/#\\\/schema\\\/person\\\/f919a6898726f752adb68ae6c9ec9831\",\"name\":\"Detlef\",\"image\":{\"@type\":\"ImageObject\",\"inLanguage\":\"de\",\"@id\":\"https:\\\/\\\/secure.gravatar.com\\\/avatar\\\/17a1551cff23f9dfd94729babaa933b421f595809038959a20ad90f1677e1467?s=96&d=mm&r=g\",\"url\":\"https:\\\/\\\/secure.gravatar.com\\\/avatar\\\/17a1551cff23f9dfd94729babaa933b421f595809038959a20ad90f1677e1467?s=96&d=mm&r=g\",\"contentUrl\":\"https:\\\/\\\/secure.gravatar.com\\\/avatar\\\/17a1551cff23f9dfd94729babaa933b421f595809038959a20ad90f1677e1467?s=96&d=mm&r=g\",\"caption\":\"Detlef\"},\"sameAs\":[\"https:\\\/\\\/dtk-dortmund.de\"],\"url\":\"https:\\\/\\\/dtk-dortmund.de\\\/index.php\\\/author\\\/maehrmann\\\/\"}]}<\/script>\n<!-- \/ Yoast SEO plugin. -->","yoast_head_json":{"title":"Aufr\u00e4umaktion im Januar - DTK Dortmund 1 e.V.","robots":{"index":"index","follow":"follow","max-snippet":"max-snippet:-1","max-image-preview":"max-image-preview:large","max-video-preview":"max-video-preview:-1"},"canonical":"https:\/\/dtk-dortmund.de\/index.php\/2022\/01\/29\/aufraeumaktion-im-januar\/","og_locale":"de_DE","og_type":"article","og_title":"Aufr\u00e4umaktion im Januar - DTK Dortmund 1 e.V.","og_description":"Bei unserer ersten Aufr\u00e4umaktion in diesem Jahr haben wir \u00c4ste und Zweige geh\u00e4ckselt, Laub gefegt und das Dach ges\u00e4ubert. Es war eine tolle Aktion mit schwerem Ger\u00e4t. Danach gab es zur St\u00e4rkung eine hervorragende Erbsensuppe und nicht nur wir, sondern auch unsere Teckel haben sich an diesem Samstag richtig ausgetobt.","og_url":"https:\/\/dtk-dortmund.de\/index.php\/2022\/01\/29\/aufraeumaktion-im-januar\/","og_site_name":"DTK Dortmund 1 e.V.","article_published_time":"2022-01-29T22:28:33+00:00","article_modified_time":"2022-02-01T10:32:49+00:00","og_image":[{"width":1280,"height":853,"url":"https:\/\/dtk-dortmund.de\/wp-content\/uploads\/2022\/01\/DM5_0234.jpg","type":"image\/jpeg"}],"author":"Detlef","twitter_card":"summary_large_image","twitter_misc":{"Verfasst von":"Detlef","Gesch\u00e4tzte Lesezeit":"4\u00a0Minuten"},"schema":{"@context":"https:\/\/schema.org","@graph":[{"@type":"Article","@id":"https:\/\/dtk-dortmund.de\/index.php\/2022\/01\/29\/aufraeumaktion-im-januar\/#article","isPartOf":{"@id":"https:\/\/dtk-dortmund.de\/index.php\/2022\/01\/29\/aufraeumaktion-im-januar\/"},"author":{"name":"Detlef","@id":"https:\/\/dtk-dortmund.de\/#\/schema\/person\/f919a6898726f752adb68ae6c9ec9831"},"headline":"Aufr\u00e4umaktion im Januar","datePublished":"2022-01-29T22:28:33+00:00","dateModified":"2022-02-01T10:32:49+00:00","mainEntityOfPage":{"@id":"https:\/\/dtk-dortmund.de\/index.php\/2022\/01\/29\/aufraeumaktion-im-januar\/"},"wordCount":59,"commentCount":0,"publisher":{"@id":"https:\/\/dtk-dortmund.de\/#organization"},"image":{"@id":"https:\/\/dtk-dortmund.de\/index.php\/2022\/01\/29\/aufraeumaktion-im-januar\/#primaryimage"},"thumbnailUrl":"https:\/\/dtk-dortmund.de\/wp-content\/uploads\/2022\/01\/DM5_0234.jpg","inLanguage":"de","potentialAction":[{"@type":"CommentAction","name":"Comment","target":["https:\/\/dtk-dortmund.de\/index.php\/2022\/01\/29\/aufraeumaktion-im-januar\/#respond"]}]},{"@type":"WebPage","@id":"https:\/\/dtk-dortmund.de\/index.php\/2022\/01\/29\/aufraeumaktion-im-januar\/","url":"https:\/\/dtk-dortmund.de\/index.php\/2022\/01\/29\/aufraeumaktion-im-januar\/","name":"Aufr\u00e4umaktion im Januar - DTK Dortmund 1 e.V.","isPartOf":{"@id":"https:\/\/dtk-dortmund.de\/#website"},"primaryImageOfPage":{"@id":"https:\/\/dtk-dortmund.de\/index.php\/2022\/01\/29\/aufraeumaktion-im-januar\/#primaryimage"},"image":{"@id":"https:\/\/dtk-dortmund.de\/index.php\/2022\/01\/29\/aufraeumaktion-im-januar\/#primaryimage"},"thumbnailUrl":"https:\/\/dtk-dortmund.de\/wp-content\/uploads\/2022\/01\/DM5_0234.jpg","datePublished":"2022-01-29T22:28:33+00:00","dateModified":"2022-02-01T10:32:49+00:00","breadcrumb":{"@id":"https:\/\/dtk-dortmund.de\/index.php\/2022\/01\/29\/aufraeumaktion-im-januar\/#breadcrumb"},"inLanguage":"de","potentialAction":[{"@type":"ReadAction","target":["https:\/\/dtk-dortmund.de\/index.php\/2022\/01\/29\/aufraeumaktion-im-januar\/"]}]},{"@type":"ImageObject","inLanguage":"de","@id":"https:\/\/dtk-dortmund.de\/index.php\/2022\/01\/29\/aufraeumaktion-im-januar\/#primaryimage","url":"https:\/\/dtk-dortmund.de\/wp-content\/uploads\/2022\/01\/DM5_0234.jpg","contentUrl":"https:\/\/dtk-dortmund.de\/wp-content\/uploads\/2022\/01\/DM5_0234.jpg","width":1280,"height":853},{"@type":"BreadcrumbList","@id":"https:\/\/dtk-dortmund.de\/index.php\/2022\/01\/29\/aufraeumaktion-im-januar\/#breadcrumb","itemListElement":[{"@type":"ListItem","position":1,"name":"Startseite","item":"https:\/\/dtk-dortmund.de\/"},{"@type":"ListItem","position":2,"name":"Aufr\u00e4umaktion im Januar"}]},{"@type":"WebSite","@id":"https:\/\/dtk-dortmund.de\/#website","url":"https:\/\/dtk-dortmund.de\/","name":"DTK Dortmund 1 e.V.","description":"Gruppe Dortmund 1 e.V. im Deutschen Teckelklub. Gegr\u00fcndet 1921.","publisher":{"@id":"https:\/\/dtk-dortmund.de\/#organization"},"potentialAction":[{"@type":"SearchAction","target":{"@type":"EntryPoint","urlTemplate":"https:\/\/dtk-dortmund.de\/?s={search_term_string}"},"query-input":{"@type":"PropertyValueSpecification","valueRequired":true,"valueName":"search_term_string"}}],"inLanguage":"de"},{"@type":"Organization","@id":"https:\/\/dtk-dortmund.de\/#organization","name":"DTK Dortmund 1 e.V.","url":"https:\/\/dtk-dortmund.de\/","logo":{"@type":"ImageObject","inLanguage":"de","@id":"https:\/\/dtk-dortmund.de\/#\/schema\/logo\/image\/","url":"https:\/\/dtk-dortmund.de\/wp-content\/uploads\/2023\/07\/cropped-cropped-cropped-DTKDOSymbol_250-1.png","contentUrl":"https:\/\/dtk-dortmund.de\/wp-content\/uploads\/2023\/07\/cropped-cropped-cropped-DTKDOSymbol_250-1.png","width":250,"height":250,"caption":"DTK Dortmund 1 e.V."},"image":{"@id":"https:\/\/dtk-dortmund.de\/#\/schema\/logo\/image\/"}},{"@type":"Person","@id":"https:\/\/dtk-dortmund.de\/#\/schema\/person\/f919a6898726f752adb68ae6c9ec9831","name":"Detlef","image":{"@type":"ImageObject","inLanguage":"de","@id":"https:\/\/secure.gravatar.com\/avatar\/17a1551cff23f9dfd94729babaa933b421f595809038959a20ad90f1677e1467?s=96&d=mm&r=g","url":"https:\/\/secure.gravatar.com\/avatar\/17a1551cff23f9dfd94729babaa933b421f595809038959a20ad90f1677e1467?s=96&d=mm&r=g","contentUrl":"https:\/\/secure.gravatar.com\/avatar\/17a1551cff23f9dfd94729babaa933b421f595809038959a20ad90f1677e1467?s=96&d=mm&r=g","caption":"Detlef"},"sameAs":["https:\/\/dtk-dortmund.de"],"url":"https:\/\/dtk-dortmund.de\/index.php\/author\/maehrmann\/"}]}},"_links":{"self":[{"href":"https:\/\/dtk-dortmund.de\/index.php\/wp-json\/wp\/v2\/posts\/753","targetHints":{"allow":["GET"]}}],"collection":[{"href":"https:\/\/dtk-dortmund.de\/index.php\/wp-json\/wp\/v2\/posts"}],"about":[{"href":"https:\/\/dtk-dortmund.de\/index.php\/wp-json\/wp\/v2\/types\/post"}],"author":[{"embeddable":true,"href":"https:\/\/dtk-dortmund.de\/index.php\/wp-json\/wp\/v2\/users\/1"}],"replies":[{"embeddable":true,"href":"https:\/\/dtk-dortmund.de\/index.php\/wp-json\/wp\/v2\/comments?post=753"}],"version-history":[{"count":4,"href":"https:\/\/dtk-dortmund.de\/index.php\/wp-json\/wp\/v2\/posts\/753\/revisions"}],"predecessor-version":[{"id":791,"href":"https:\/\/dtk-dortmund.de\/index.php\/wp-json\/wp\/v2\/posts\/753\/revisions\/791"}],"wp:featuredmedia":[{"embeddable":true,"href":"https:\/\/dtk-dortmund.de\/index.php\/wp-json\/wp\/v2\/media\/770"}],"wp:attachment":[{"href":"https:\/\/dtk-dortmund.de\/index.php\/wp-json\/wp\/v2\/media?parent=753"}],"wp:term":[{"taxonomy":"category","embeddable":true,"href":"https:\/\/dtk-dortmund.de\/index.php\/wp-json\/wp\/v2\/categories?post=753"},{"taxonomy":"post_tag","embeddable":true,"href":"https:\/\/dtk-dortmund.de\/index.php\/wp-json\/wp\/v2\/tags?post=753"}],"curies":[{"name":"wp","href":"https:\/\/api.w.org\/{rel}","templated":true}]}}